{"id":2907,"date":"2019-10-29T14:20:35","date_gmt":"2019-10-29T14:20:35","guid":{"rendered":"http:\/\/www.cudecoop.coop\/cudecoop\/?p=2907"},"modified":"2019-10-29T14:25:44","modified_gmt":"2019-10-29T14:25:44","slug":"es-un-orgullo-que-el-rio-de-la-plata-atraviese-la-politica-internacional-del-cooperativismo","status":"publish","type":"post","link":"http:\/\/www.cudecoop.coop\/cudecoop\/es-un-orgullo-que-el-rio-de-la-plata-atraviese-la-politica-internacional-del-cooperativismo\/","title":{"rendered":"\u201cES UN ORGULLO QUE EL R\u00cdO DE LA PLATA ATRAVIESE LA POL\u00cdTICA INTERNACIONAL DEL COOPERATIVISMO\u201d"},"content":{"rendered":"<p><strong>Graciela Fern\u00e1ndez particip\u00f3 del 4\u00b0 Encuentro Intercooperativo 2019, realizado el 23 de octubre en el marco de la Asamblea anual de la Federaci\u00f3n de Cooperativas de Electricidad y Servicios P\u00fablicos de la Provincia de Buenos Aires (Fedecoba). Se dirigi\u00f3 al auditorio junto al presidente de la Alianza Cooperativa Internacional, Ariel Guarco.&nbsp;<\/strong><\/p>\n<p>-Previo a su 41\u00b0 Asamblea General Ordinaria, la sede de FEDECOBA fue escenario este mi\u00e9rcoles de una hist\u00f3rica jornada con la presencia de la presidenta de Cooperativas de las Am\u00e9ricas, la dirigente uruguaya Graciela Fern\u00e1ndez Quintas, y el presidente de la Alianza Cooperativa Internacional, el argentino Ariel Guarco, a su vez presidente de FEDECOBA.<\/p>\n<p>Fern\u00e1ndez fue invitada especialmente para participar del 4\u00b0 Encuentro Intercooperativo de FEDECOBA 2019 y exponer acerca de \u201cEl cooperativismo en la hora de los desaf\u00edos globales\u201d y proyectar los ejes centrales para el fortalecimiento del cooperativismo continental; esto es: Cooperativas y Desarrollo Sostenible, Cooperativas y el desaf\u00edo de la igualdad en las Am\u00e9ricas, la estrategia del cooperativismo en la regi\u00f3n; y la consolidaci\u00f3n del cooperativismo en el Mercosur.<\/p>\n<p>Ante un auditorio colmado por los representantes de m\u00e1s de 50 cooperativas de servicios p\u00fablicos, entre otras definiciones, sostuvo que en un continente \u201cdesafiado por la desigualdad, con graves problemas en t\u00e9rminos de exclusi\u00f3n de la mujer y de los j\u00f3venes, del trabajo, la educaci\u00f3n y, por supuesto, los roles de representaci\u00f3n en nuestras organizaciones, es imprescindible incorporar un trabajo de sensibilizaci\u00f3n y formaci\u00f3n de nuestros asociados; y la adecuaci\u00f3n de las propuestas de nuestras organizaciones para dar respuesta a estas necesidades espec\u00edficas\u201d.<\/p>\n<p>Tambi\u00e9n tuvo elogiosos conceptos hacia el presidente de la ACI y de FEDECOBA, Ariel Guarco; y hacia el modelo argentino de cooperativismo de servicios p\u00fablicos: \u201cNosotros tenemos muy claro lo que significa tener a un hijo de esta federaci\u00f3n dirigiendo la ACI Mundial. Para Am\u00e9rica, desde Canad\u00e1 a Tierra del Fuego, es un orgullo que la presidencia de la ACI Mundial est\u00e9 en manos de un argentino. Y para nosotros los uruguayos es un orgullo que el R\u00edo de la Plata atraviese la pol\u00edtica internacional del cooperativismo, en un proyecto en com\u00fan que no nos ha defraudado\u201d.<\/p>\n<p>Y agreg\u00f3: \u201cMi saludo especial a esta federaci\u00f3n, me saco el sombrero al haber conocido el proyecto de ustedes, estoy sorprendida de los servicios que tienen para sus beneficiarios y me llevo el modelo porque creo que es clave para replicar\u201d. Fern\u00e1ndez cerr\u00f3 su exposici\u00f3n con un potente mensaje de intercooperaci\u00f3n, llamando a intensificar la complementaci\u00f3n de iniciativas que comprometan fuertemente a los cooperativistas de las dos orillas del Plata.- (fuente: Fedecoba.com.ar)<\/p>\n<!-- index.php -->\n<div\n\tclass=\"ngg-galleryoverview\n\t ngg-ajax-pagination-none\t\"\n\tid=\"ngg-gallery-a554a6d60976cb36ecf4a3c674b594f2-1\">\n\n\t\t<div class=\"slideshowlink\">\n\t\t<a href='http:\/\/www.cudecoop.coop\/cudecoop\/es-un-orgullo-que-el-rio-de-la-plata-atraviese-la-politica-internacional-del-cooperativismo\/nggallery\/slideshow'>&#091;Show slideshow&#093;<\/a>\n\t\t\n\t<\/div>\n\t\t\t<!-- Thumbnails -->\n\t\t\t\t<div id=\"ngg-image-0\" class=\"ngg-gallery-thumbnail-box\" \n\t\t\t\t\t\t\t\t\t\t\t>\n\t\t\t\t\t\t<div class=\"ngg-gallery-thumbnail\">\n\t\t\t<a href=\"http:\/\/www.cudecoop.coop\/cudecoop\/wp-content\/gallery\/fedecoba\/IMG_8455.JPG\"\n\t\t\t\ttitle=\"\"\n\t\t\t\tdata-src=\"http:\/\/www.cudecoop.coop\/cudecoop\/wp-content\/gallery\/fedecoba\/IMG_8455.JPG\"\n\t\t\t\tdata-thumbnail=\"http:\/\/www.cudecoop.coop\/cudecoop\/wp-content\/gallery\/fedecoba\/thumbs\/thumbs_IMG_8455.JPG\"\n\t\t\t\tdata-image-id=\"145\"\n\t\t\t\tdata-title=\"IMG_8455\"\n\t\t\t\tdata-description=\"\"\n\t\t\t\tdata-image-slug=\"img_8455\"\n\t\t\t\tclass=\"ngg-fancybox\" rel=\"a554a6d60976cb36ecf4a3c674b594f2\">\n\t\t\t\t<img\n\t\t\t\t\ttitle=\"IMG_8455\"\n\t\t\t\t\talt=\"IMG_8455\"\n\t\t\t\t\tsrc=\"http:\/\/www.cudecoop.coop\/cudecoop\/wp-content\/gallery\/fedecoba\/thumbs\/thumbs_IMG_8455.JPG\"\n\t\t\t\t\twidth=\"240\"\n\t\t\t\t\theight=\"160\"\n\t\t\t\t\tstyle=\"max-width:100%;\"\n\t\t\t\t\/>\n\t\t\t<\/a>\n\t\t<\/div>\n\t\t\t\t\t\t\t<\/div> \n\t\t\t\n\t\t\n\t\t\t\t<div id=\"ngg-image-1\" class=\"ngg-gallery-thumbnail-box\" \n\t\t\t\t\t\t\t\t\t\t\t>\n\t\t\t\t\t\t<div class=\"ngg-gallery-thumbnail\">\n\t\t\t<a href=\"http:\/\/www.cudecoop.coop\/cudecoop\/wp-content\/gallery\/fedecoba\/IMG_8464.JPG\"\n\t\t\t\ttitle=\"\"\n\t\t\t\tdata-src=\"http:\/\/www.cudecoop.coop\/cudecoop\/wp-content\/gallery\/fedecoba\/IMG_8464.JPG\"\n\t\t\t\tdata-thumbnail=\"http:\/\/www.cudecoop.coop\/cudecoop\/wp-content\/gallery\/fedecoba\/thumbs\/thumbs_IMG_8464.JPG\"\n\t\t\t\tdata-image-id=\"146\"\n\t\t\t\tdata-title=\"IMG_8464\"\n\t\t\t\tdata-description=\"\"\n\t\t\t\tdata-image-slug=\"img_8464\"\n\t\t\t\tclass=\"ngg-fancybox\" rel=\"a554a6d60976cb36ecf4a3c674b594f2\">\n\t\t\t\t<img\n\t\t\t\t\ttitle=\"IMG_8464\"\n\t\t\t\t\talt=\"IMG_8464\"\n\t\t\t\t\tsrc=\"http:\/\/www.cudecoop.coop\/cudecoop\/wp-content\/gallery\/fedecoba\/thumbs\/thumbs_IMG_8464.JPG\"\n\t\t\t\t\twidth=\"240\"\n\t\t\t\t\theight=\"160\"\n\t\t\t\t\tstyle=\"max-width:100%;\"\n\t\t\t\t\/>\n\t\t\t<\/a>\n\t\t<\/div>\n\t\t\t\t\t\t\t<\/div> \n\t\t\t\n\t\t\n\t\t\t\t<div id=\"ngg-image-2\" class=\"ngg-gallery-thumbnail-box\" \n\t\t\t\t\t\t\t\t\t\t\t>\n\t\t\t\t\t\t<div class=\"ngg-gallery-thumbnail\">\n\t\t\t<a href=\"http:\/\/www.cudecoop.coop\/cudecoop\/wp-content\/gallery\/fedecoba\/WhatsApp-Image-2019-10-24-at-10.49.42-AM.jpeg\"\n\t\t\t\ttitle=\"\"\n\t\t\t\tdata-src=\"http:\/\/www.cudecoop.coop\/cudecoop\/wp-content\/gallery\/fedecoba\/WhatsApp-Image-2019-10-24-at-10.49.42-AM.jpeg\"\n\t\t\t\tdata-thumbnail=\"http:\/\/www.cudecoop.coop\/cudecoop\/wp-content\/gallery\/fedecoba\/thumbs\/thumbs_WhatsApp-Image-2019-10-24-at-10.49.42-AM.jpeg\"\n\t\t\t\tdata-image-id=\"147\"\n\t\t\t\tdata-title=\"WhatsApp Image 2019-10-24 at 10.49.42 AM\"\n\t\t\t\tdata-description=\"\"\n\t\t\t\tdata-image-slug=\"whatsapp-image-2019-10-24-at-10-49-42-am\"\n\t\t\t\tclass=\"ngg-fancybox\" rel=\"a554a6d60976cb36ecf4a3c674b594f2\">\n\t\t\t\t<img\n\t\t\t\t\ttitle=\"WhatsApp Image 2019-10-24 at 10.49.42 AM\"\n\t\t\t\t\talt=\"WhatsApp Image 2019-10-24 at 10.49.42 AM\"\n\t\t\t\t\tsrc=\"http:\/\/www.cudecoop.coop\/cudecoop\/wp-content\/gallery\/fedecoba\/thumbs\/thumbs_WhatsApp-Image-2019-10-24-at-10.49.42-AM.jpeg\"\n\t\t\t\t\twidth=\"240\"\n\t\t\t\t\theight=\"160\"\n\t\t\t\t\tstyle=\"max-width:100%;\"\n\t\t\t\t\/>\n\t\t\t<\/a>\n\t\t<\/div>\n\t\t\t\t\t\t\t<\/div> \n\t\t\t\n\t\t\n\t\t\n\t\t<!-- Pagination -->\n\t\t<div class='ngg-clear'><\/div>\t<\/div>\n\n","protected":false},"excerpt":{"rendered":"<p>Graciela Fern\u00e1ndez particip\u00f3 del 4\u00b0 Encuentro Intercooperativo 2019, realizado el 23 de octubre en el marco de la Asamblea anual de la Federaci\u00f3n de Cooperativas de Electricidad y Servicios P\u00fablicos de la Provincia de Buenos Aires (Fedecoba). Se dirigi\u00f3 al auditorio junto al presidente de la Alianza Cooperativa Internacional, Ariel Guarco.&nbsp; -Previo a su 41\u00b0 Asamblea General Ordinaria, la sede de FEDECOBA fue escenario este mi\u00e9rcoles de una hist\u00f3rica jornada con la presencia de la presidenta de Cooperativas de las Am\u00e9ricas, la dirigente uruguaya Graciela Fern\u00e1ndez Quintas, y el presidente de la Alianza Cooperativa Internacional, el argentino Ariel Guarco, a [&#8230;]<\/p>\n","protected":false},"author":27,"featured_media":2908,"comment_status":"open","ping_status":"open","sticky":false,"template":"","format":"standard","meta":{"_acf_changed":false,"ngg_post_thumbnail":0,"footnotes":""},"categories":[7,6,1],"tags":[],"class_list":["post-2907","post","type-post","status-publish","format-standard","has-post-thumbnail","hentry","category-cooperativas","category-institucionales","category-noticias"],"acf":[],"_links":{"self":[{"href":"http:\/\/www.cudecoop.coop\/cudecoop\/wp-json\/wp\/v2\/posts\/2907","targetHints":{"allow":["GET"]}}],"collection":[{"href":"http:\/\/www.cudecoop.coop\/cudecoop\/wp-json\/wp\/v2\/posts"}],"about":[{"href":"http:\/\/www.cudecoop.coop\/cudecoop\/wp-json\/wp\/v2\/types\/post"}],"author":[{"embeddable":true,"href":"http:\/\/www.cudecoop.coop\/cudecoop\/wp-json\/wp\/v2\/users\/27"}],"replies":[{"embeddable":true,"href":"http:\/\/www.cudecoop.coop\/cudecoop\/wp-json\/wp\/v2\/comments?post=2907"}],"version-history":[{"count":1,"href":"http:\/\/www.cudecoop.coop\/cudecoop\/wp-json\/wp\/v2\/posts\/2907\/revisions"}],"predecessor-version":[{"id":2917,"href":"http:\/\/www.cudecoop.coop\/cudecoop\/wp-json\/wp\/v2\/posts\/2907\/revisions\/2917"}],"wp:featuredmedia":[{"embeddable":true,"href":"http:\/\/www.cudecoop.coop\/cudecoop\/wp-json\/wp\/v2\/media\/2908"}],"wp:attachment":[{"href":"http:\/\/www.cudecoop.coop\/cudecoop\/wp-json\/wp\/v2\/media?parent=2907"}],"wp:term":[{"taxonomy":"category","embeddable":true,"href":"http:\/\/www.cudecoop.coop\/cudecoop\/wp-json\/wp\/v2\/categories?post=2907"},{"taxonomy":"post_tag","embeddable":true,"href":"http:\/\/www.cudecoop.coop\/cudecoop\/wp-json\/wp\/v2\/tags?post=2907"}],"curies":[{"name":"wp","href":"https:\/\/api.w.org\/{rel}","templated":true}]}}