{"id":2889,"date":"2019-10-18T18:36:25","date_gmt":"2019-10-18T18:36:25","guid":{"rendered":"http:\/\/www.cudecoop.coop\/cudecoop\/?p=2889"},"modified":"2019-11-25T19:14:29","modified_gmt":"2019-11-25T19:14:29","slug":"las-cooperativas-necesitamos-organizarnos","status":"publish","type":"post","link":"http:\/\/www.cudecoop.coop\/cudecoop\/las-cooperativas-necesitamos-organizarnos\/","title":{"rendered":"&#8220;Las cooperativas necesitamos organizarnos&#8221;"},"content":{"rendered":"<blockquote class=\"gmail_quote\">\n<div dir=\"ltr\">\n<p><span style=\"color: #000000;\">Nuestra compa\u00f1era y Presidenta Graciela Fern\u00e1ndez particip\u00f3 esta semana de la Conferencia Internacional &#8220;Cooperativas para el Desarrollo&#8221; que se desarroll\u00f3 en Kigali, Rwanda, organizada por la Alianza Cooperativa Internacional.&nbsp;<\/span><\/p>\n<p><span style=\"color: #000000;\">Su&nbsp;intensa&nbsp;participaci\u00f3n&nbsp;comenz\u00f3&nbsp;el lunes 14 de octubre&nbsp;donde&nbsp;represent\u00f3 a las&nbsp;cooperativas de Am\u00e9rica&nbsp;como Vicepresidenta de la Alianza Cooperativa Internacional en el Board&nbsp;Mundial&nbsp;de ACI.&nbsp;Entre otros temas se inform\u00f3 sobre los avances generales de la ACI y sus organizaciones sectoriales y tem\u00e1ticas, as\u00ed como respecto al Plan para la Segunda D\u00e9cada Cooperativa a ser aprobada en Corea en 2020.&nbsp;<\/span><\/p>\n<\/div>\n<\/blockquote>\n<blockquote class=\"gmail_quote\">\n<div dir=\"ltr\">\n<p><span style=\"color: #000000;\">El martes 15, particip\u00f3 del Congreso como expositora&nbsp;inaugurando&nbsp;la Sesi\u00f3n paralela&nbsp;Nro.&nbsp;1, sobre el ABORDAJE DE LAS DESIGUALDADES A TRAV\u00c9S DEL MOVIMIENTO COOPERATIVO,&nbsp;en referencia al Objetivo para el Desarrollo Sostenible Nro. 10 de la Agenda de Naciones Unidas, que habla sobre la reducci\u00f3n de las desigualdades; en esa oportunidad destac\u00f3:<\/span><\/p>\n<p><span style=\"color: #000000;\"> &#8220;Es necesaria la organizaci\u00f3n de las cooperativ<span class=\"text_exposed_show\">as a nivel nacional, regional y mundial, siguiendo nuestro 6to Principio de Cooperaci\u00f3n entre Cooperativas. Cooperaci\u00f3n que debe proyectarse como un sistema entramado de relaciones econ\u00f3micas intercooperativas a todo nivel territorial desde lo local a lo global.\u201d&nbsp;<\/span><\/span><\/p>\n<p><span style=\"color: #000000;\">En este espacio la Dra. Fern\u00e1ndez subray\u00f3 la importancia de este desaf\u00edo de la Igualdad para lograr el Desarrollo Sostenible, especialmente en Am\u00e9rica Latina, donde la desigualdad se ha convertido en uno de sus principales frenos. Mencion\u00f3 algunos ejemplos nacionales que sirven para visualizar el papel de las cooperativas en la construcci\u00f3n de igualdad, se\u00f1alando el rol que tambi\u00e9n juegan el contar con pol\u00edticas p\u00fablicas favorables y alianzas interinstitucionales.<\/span><\/p>\n<\/div>\n<\/blockquote>\n<blockquote class=\"gmail_quote\">\n<div dir=\"ltr\">\n<p><span style=\"color: #000000;\">Entre otros temas se abordaron el empoderamiento de las mujeres para hacer frente a los desaf\u00edos del desarrollo sostenible, los desaf\u00edos de la globalizaci\u00f3n de los valores \u00e9ticos en las cadenas de valor, la innovaci\u00f3n y el emprendedurismo a trav\u00e9s del modelo cooperativo, el abordaje del ODS 12 sobre la contribuci\u00f3n a la seguridad alimentaria y a la producci\u00f3n y consumo sostenibles, el papel de la salud, los servicios y la industria para la reducci\u00f3n de la inequidad, y la v\u00eda cooperativa para la vivienda y la energ\u00eda.<\/span><\/p>\n<\/div>\n<\/blockquote>\n<blockquote class=\"gmail_quote\">\n<div dir=\"ltr\">\n<p><span style=\"color: #000000;\">El jueves 17 de octubre tuvo lugar la Asamblea General de la Alianza Cooperativa Internacional donde se ratific\u00f3 el proceso hacia el lanzamiento de la Segunda D\u00e9cada Cooperativa 2020 &#8211; 2030 que se realizar\u00e1 en el Congreso Mundial de Cooperativas en 2020, en Corea. Tambi\u00e9n se ratificaron las nuevas autoridades de los Comit\u00e9s Sectoriales y Tem\u00e1ticos que realizaron sus Asambleas previas, y se aprob\u00f3 una Declaraci\u00f3n por la Paz.Tambi\u00e9n se acordaron algunos ajustes al funcionamiento de la organizaci\u00f3n mundial y se aprob\u00f3 un trabajo de incidencia para el establecimiento de normas de contabilidad internacional espec\u00edficas para las organizaciones cooperativas.&nbsp;<\/span><\/p>\n<div><span style=\"color: #000000;\">Desde Uruguay tambi\u00e9n se cont\u00f3 con la participaci\u00f3n de Luis Alvez, consejero de CUDECOOP y presidente de FCPU, en su car\u00e1cter de Vicepresidente de la Organizaci\u00f3n Mundial de Cooperativas de Producci\u00f3n Industrial, Artesanal y de Servicios (CICOPA).<\/span><\/div>\n<\/div>\n<\/blockquote>\n<p>&nbsp;<\/p>\n","protected":false},"excerpt":{"rendered":"<p>Nuestra compa\u00f1era y Presidenta Graciela Fern\u00e1ndez particip\u00f3 esta semana de la Conferencia Internacional &#8220;Cooperativas para el Desarrollo&#8221; que se desarroll\u00f3 en Kigali, Rwanda, organizada por la Alianza Cooperativa Internacional.&nbsp; Su&nbsp;intensa&nbsp;participaci\u00f3n&nbsp;comenz\u00f3&nbsp;el lunes 14 de octubre&nbsp;donde&nbsp;represent\u00f3 a las&nbsp;cooperativas de Am\u00e9rica&nbsp;como Vicepresidenta de la Alianza Cooperativa Internacional en el Board&nbsp;Mundial&nbsp;de ACI.&nbsp;Entre otros temas se inform\u00f3 sobre los avances generales de la ACI y sus organizaciones sectoriales y tem\u00e1ticas, as\u00ed como respecto al Plan para la Segunda D\u00e9cada Cooperativa a ser aprobada en Corea en 2020.&nbsp; El martes 15, particip\u00f3 del Congreso como expositora&nbsp;inaugurando&nbsp;la Sesi\u00f3n paralela&nbsp;Nro.&nbsp;1, sobre el ABORDAJE DE LAS DESIGUALDADES A TRAV\u00c9S [&#8230;]<\/p>\n","protected":false},"author":27,"featured_media":2895,"comment_status":"open","ping_status":"open","sticky":false,"template":"","format":"standard","meta":{"_acf_changed":false,"ngg_post_thumbnail":0,"footnotes":""},"categories":[7,6,1],"tags":[],"class_list":["post-2889","post","type-post","status-publish","format-standard","has-post-thumbnail","hentry","category-cooperativas","category-institucionales","category-noticias"],"acf":[],"_links":{"self":[{"href":"http:\/\/www.cudecoop.coop\/cudecoop\/wp-json\/wp\/v2\/posts\/2889","targetHints":{"allow":["GET"]}}],"collection":[{"href":"http:\/\/www.cudecoop.coop\/cudecoop\/wp-json\/wp\/v2\/posts"}],"about":[{"href":"http:\/\/www.cudecoop.coop\/cudecoop\/wp-json\/wp\/v2\/types\/post"}],"author":[{"embeddable":true,"href":"http:\/\/www.cudecoop.coop\/cudecoop\/wp-json\/wp\/v2\/users\/27"}],"replies":[{"embeddable":true,"href":"http:\/\/www.cudecoop.coop\/cudecoop\/wp-json\/wp\/v2\/comments?post=2889"}],"version-history":[{"count":4,"href":"http:\/\/www.cudecoop.coop\/cudecoop\/wp-json\/wp\/v2\/posts\/2889\/revisions"}],"predecessor-version":[{"id":2894,"href":"http:\/\/www.cudecoop.coop\/cudecoop\/wp-json\/wp\/v2\/posts\/2889\/revisions\/2894"}],"wp:featuredmedia":[{"embeddable":true,"href":"http:\/\/www.cudecoop.coop\/cudecoop\/wp-json\/wp\/v2\/media\/2895"}],"wp:attachment":[{"href":"http:\/\/www.cudecoop.coop\/cudecoop\/wp-json\/wp\/v2\/media?parent=2889"}],"wp:term":[{"taxonomy":"category","embeddable":true,"href":"http:\/\/www.cudecoop.coop\/cudecoop\/wp-json\/wp\/v2\/categories?post=2889"},{"taxonomy":"post_tag","embeddable":true,"href":"http:\/\/www.cudecoop.coop\/cudecoop\/wp-json\/wp\/v2\/tags?post=2889"}],"curies":[{"name":"wp","href":"https:\/\/api.w.org\/{rel}","templated":true}]}}