{"id":2883,"date":"2019-10-15T16:25:20","date_gmt":"2019-10-15T16:25:20","guid":{"rendered":"http:\/\/www.cudecoop.coop\/cudecoop\/?p=2883"},"modified":"2019-10-15T17:27:19","modified_gmt":"2019-10-15T17:27:19","slug":"presentacion-de-sicoop","status":"publish","type":"post","link":"http:\/\/www.cudecoop.coop\/cudecoop\/presentacion-de-sicoop\/","title":{"rendered":"Presentaci\u00f3n de S\u00edCoop"},"content":{"rendered":"<p>En la ma\u00f1ana del martes 15 de octubre se presentaron los&nbsp;<span class=\"css-901oao css-16my406 r-1qd0xha r-ad9z0x r-bcqeeo r-qvutc0\">mecanismos de financiaci\u00f3n intercooperativos del<\/span>&nbsp;<span class=\"r-18u37iz\"><a class=\"css-4rbku5 css-18t94o4 css-901oao css-16my406 r-1n1174f r-1loqt21 r-1qd0xha r-ad9z0x r-bcqeeo r-1ny4l3l r-1ddef8g r-qvutc0\" dir=\"ltr\" role=\"link\" href=\"https:\/\/twitter.com\/hashtag\/S%C3%8DCOOP?src=hashtag_click\" data-focusable=\"true\">S\u00cdCOOP.&nbsp;<\/a><\/span><\/p>\n<p>De la apertura participaron Gustavo Bernini y Ariel Nicoliello por Inacoop y Ad\u00e1n Mart\u00ednez, tesorero de Cudecoop. La presentaci\u00f3n del proyecto estuvo a cargo del Dr. Gerardo Montes.&nbsp;<\/p>\n<p>&#8220;La intercooperaci\u00f3n es una de las cosas que a nosotros nos preocupa m\u00e1s y no solo en el Uruguay, el cooperativismo en el mundo se plantea la intercooperaci\u00f3n como una forma de romper barreras comerciales, de poder acceder a mercados desde otro lugar y potenciar las herramientas que el propio movimiento cooperativo puede generar acumulando fuerzas a escala y emprendiendo; por lo tanto el desvelo nuestro y el del movimiento cooperativo a nivel internacional es este, una cosa es hablar te\u00f3ricamente y conceptualmente de la importancia de la intercooperaci\u00f3n y otra es emprender en la pr\u00e1ctica con cosas concretas que apunten hacia ese objetivo&#8221;, destac\u00f3 el presidente de Inacoop, Gustavo Bernini.&nbsp;<\/p>\n<p>Siguiendo la linea planteada, Ariel Nicoliello director del INACOOP, se\u00f1al\u00f3 que &#8220;S\u00edCoop no solo es una marca sino que significa Sistema de Intercooperaci\u00f3n. Los principios de esto tienen que ver con el principio de la intercooperaci\u00f3n, el acto cooperativo, la vinculaci\u00f3n entre cooperativas, entre quienes act\u00faan desde la base de una nueva filosof\u00eda de nuevos principios, nuevos valores. Es un sistema que reposa sobre la base del compromiso diario de cada una de las cooperativas y cada uno de los cooperativistas&#8221;.<\/p>\n<p>A modo de cierre de la mesa pol\u00edtica, Ad\u00e1n Mart\u00ednez destac\u00f3 que &#8220;desde Cudecoop nosotros lo que tenemos que ver es que de este proyecto se desprenden muchas cosas, entre esas el cumplimiento de valores y principios cooperativos, con esto estamos cumpliendo el principio 6 que es la Cooperaci\u00f3n entre cooperativas y con el apoyo de las cooperativas de Ahorro y Cr\u00e9dito vamos a dar cumplimiento por el principio n\u00famero cuatro que es Autonom\u00eda e independencia.&nbsp; A media que avanzamos en el cumplimiento de los principios y valores cooperativos la filosof\u00eda del cooperativismo se va afianzando en nosotros, tenemos que lograr ese sue\u00f1o de tener un cooperativismo independiente, autosuficiente y al servicio de sus socios.&nbsp;El objeto principal no son las cooperativas sino que a los cooperativistas todos les lleguen estos beneficios. Ese es nuestro desvelo y por eso estamos bregando para que este proyecto avance&#8221;.<\/p>\n<p>Al concluir la mesa pol\u00edtica, se dio paso al Dr. Gerardo Montes qui\u00e9n expuso los mecanismo que ofrece el S\u00edcoop.<\/p>\n<p>&nbsp;<\/p>\n","protected":false},"excerpt":{"rendered":"<p>En la ma\u00f1ana del martes 15 de octubre se presentaron los&nbsp;mecanismos de financiaci\u00f3n intercooperativos del&nbsp;S\u00cdCOOP.&nbsp; De la apertura participaron Gustavo Bernini y Ariel Nicoliello por Inacoop y Ad\u00e1n Mart\u00ednez, tesorero de Cudecoop. La presentaci\u00f3n del proyecto estuvo a cargo del Dr. Gerardo Montes.&nbsp; &#8220;La intercooperaci\u00f3n es una de las cosas que a nosotros nos preocupa m\u00e1s y no solo en el Uruguay, el cooperativismo en el mundo se plantea la intercooperaci\u00f3n como una forma de romper barreras comerciales, de poder acceder a mercados desde otro lugar y potenciar las herramientas que el propio movimiento cooperativo puede generar acumulando fuerzas a [&#8230;]<\/p>\n","protected":false},"author":27,"featured_media":2886,"comment_status":"open","ping_status":"open","sticky":false,"template":"","format":"standard","meta":{"_acf_changed":false,"ngg_post_thumbnail":0,"footnotes":""},"categories":[7,6,1],"tags":[],"class_list":["post-2883","post","type-post","status-publish","format-standard","has-post-thumbnail","hentry","category-cooperativas","category-institucionales","category-noticias"],"acf":[],"_links":{"self":[{"href":"http:\/\/www.cudecoop.coop\/cudecoop\/wp-json\/wp\/v2\/posts\/2883","targetHints":{"allow":["GET"]}}],"collection":[{"href":"http:\/\/www.cudecoop.coop\/cudecoop\/wp-json\/wp\/v2\/posts"}],"about":[{"href":"http:\/\/www.cudecoop.coop\/cudecoop\/wp-json\/wp\/v2\/types\/post"}],"author":[{"embeddable":true,"href":"http:\/\/www.cudecoop.coop\/cudecoop\/wp-json\/wp\/v2\/users\/27"}],"replies":[{"embeddable":true,"href":"http:\/\/www.cudecoop.coop\/cudecoop\/wp-json\/wp\/v2\/comments?post=2883"}],"version-history":[{"count":2,"href":"http:\/\/www.cudecoop.coop\/cudecoop\/wp-json\/wp\/v2\/posts\/2883\/revisions"}],"predecessor-version":[{"id":2887,"href":"http:\/\/www.cudecoop.coop\/cudecoop\/wp-json\/wp\/v2\/posts\/2883\/revisions\/2887"}],"wp:featuredmedia":[{"embeddable":true,"href":"http:\/\/www.cudecoop.coop\/cudecoop\/wp-json\/wp\/v2\/media\/2886"}],"wp:attachment":[{"href":"http:\/\/www.cudecoop.coop\/cudecoop\/wp-json\/wp\/v2\/media?parent=2883"}],"wp:term":[{"taxonomy":"category","embeddable":true,"href":"http:\/\/www.cudecoop.coop\/cudecoop\/wp-json\/wp\/v2\/categories?post=2883"},{"taxonomy":"post_tag","embeddable":true,"href":"http:\/\/www.cudecoop.coop\/cudecoop\/wp-json\/wp\/v2\/tags?post=2883"}],"curies":[{"name":"wp","href":"https:\/\/api.w.org\/{rel}","templated":true}]}}