{"id":2878,"date":"2019-10-10T12:54:07","date_gmt":"2019-10-10T12:54:07","guid":{"rendered":"http:\/\/www.cudecoop.coop\/cudecoop\/?p=2878"},"modified":"2019-10-21T15:35:56","modified_gmt":"2019-10-21T15:35:56","slug":"el-movimiento-cooperativo-se-reunio-con-cabildo-abierto","status":"publish","type":"post","link":"http:\/\/www.cudecoop.coop\/cudecoop\/el-movimiento-cooperativo-se-reunio-con-cabildo-abierto\/","title":{"rendered":"El movimiento cooperativo se reuni\u00f3 con Cabildo Abierto"},"content":{"rendered":"<p>El pasado 2 de octubre el Comit\u00e9 Ejecutivo de Cudecoop se reuni\u00f3 con representantes del partido Cabildo Abierto y su candidato a la presidencia Guido Manini R\u00edos.<br \/>\nSe aprovech\u00f3 esta instancia para visibilizar ante el equipo pol\u00edtico la realidad de los distintos sectores del movimiento cooperativos.<\/p>\n","protected":false},"excerpt":{"rendered":"<p>El pasado 2 de octubre el Comit\u00e9 Ejecutivo de Cudecoop se reuni\u00f3 con representantes del partido Cabildo Abierto y su candidato a la presidencia Guido Manini R\u00edos.<br \/> Se aprovech\u00f3 esta instancia para visibilizar ante el equipo pol\u00edtico la realidad de los distintos sectores del movimiento [&#8230;]<\/p>\n","protected":false},"author":27,"featured_media":2879,"comment_status":"open","ping_status":"open","sticky":false,"template":"","format":"standard","meta":{"_acf_changed":false,"ngg_post_thumbnail":0,"footnotes":""},"categories":[1],"tags":[],"class_list":["post-2878","post","type-post","status-publish","format-standard","has-post-thumbnail","hentry","category-noticias"],"acf":[],"_links":{"self":[{"href":"http:\/\/www.cudecoop.coop\/cudecoop\/wp-json\/wp\/v2\/posts\/2878","targetHints":{"allow":["GET"]}}],"collection":[{"href":"http:\/\/www.cudecoop.coop\/cudecoop\/wp-json\/wp\/v2\/posts"}],"about":[{"href":"http:\/\/www.cudecoop.coop\/cudecoop\/wp-json\/wp\/v2\/types\/post"}],"author":[{"embeddable":true,"href":"http:\/\/www.cudecoop.coop\/cudecoop\/wp-json\/wp\/v2\/users\/27"}],"replies":[{"embeddable":true,"href":"http:\/\/www.cudecoop.coop\/cudecoop\/wp-json\/wp\/v2\/comments?post=2878"}],"version-history":[{"count":1,"href":"http:\/\/www.cudecoop.coop\/cudecoop\/wp-json\/wp\/v2\/posts\/2878\/revisions"}],"predecessor-version":[{"id":2880,"href":"http:\/\/www.cudecoop.coop\/cudecoop\/wp-json\/wp\/v2\/posts\/2878\/revisions\/2880"}],"wp:featuredmedia":[{"embeddable":true,"href":"http:\/\/www.cudecoop.coop\/cudecoop\/wp-json\/wp\/v2\/media\/2879"}],"wp:attachment":[{"href":"http:\/\/www.cudecoop.coop\/cudecoop\/wp-json\/wp\/v2\/media?parent=2878"}],"wp:term":[{"taxonomy":"category","embeddable":true,"href":"http:\/\/www.cudecoop.coop\/cudecoop\/wp-json\/wp\/v2\/categories?post=2878"},{"taxonomy":"post_tag","embeddable":true,"href":"http:\/\/www.cudecoop.coop\/cudecoop\/wp-json\/wp\/v2\/tags?post=2878"}],"curies":[{"name":"wp","href":"https:\/\/api.w.org\/{rel}","templated":true}]}}