{"id":2872,"date":"2019-10-08T19:42:07","date_gmt":"2019-10-08T19:42:07","guid":{"rendered":"http:\/\/www.cudecoop.coop\/cudecoop\/?p=2872"},"modified":"2019-10-21T15:35:36","modified_gmt":"2019-10-21T15:35:36","slug":"partimos-de-una-sintonia-ideologica-pablo-mieres-con-el-ejecutivo-de-cudecoop","status":"publish","type":"post","link":"http:\/\/www.cudecoop.coop\/cudecoop\/partimos-de-una-sintonia-ideologica-pablo-mieres-con-el-ejecutivo-de-cudecoop\/","title":{"rendered":"&#8220;Partimos de una sinton\u00eda ideol\u00f3gica&#8221; Pablo Mieres con el Ejecutivo de Cudecoop"},"content":{"rendered":"<p>La ma\u00f1ana del martes 8 de octubre el Comit\u00e9 Ejecutivo de Cudecoop se reuni\u00f3 con el Partido Independiente. Participaron en su representaci\u00f3n el Senador Pablo Mieres, candidato a la presidencia de la Rep\u00fablica, y el Diputado Daniel Rad\u00edo.&nbsp;<\/p>\n<p>La reuni\u00f3n fue la \u00faltima del Ciclo Program\u00e1tico con Presidenciables que el movimiento cooperativo mantuvo con candidatos a la presidencia.&nbsp;<\/p>\n<p>Las siguientes acciones se realizar\u00e1n a partir de las elecciones nacionales.&nbsp;<\/p>\n<p>&nbsp;<\/p>\n","protected":false},"excerpt":{"rendered":"<p>La ma\u00f1ana del martes 8 de octubre el Comit\u00e9 Ejecutivo de Cudecoop se reuni\u00f3 con el Partido Independiente. Participaron en su representaci\u00f3n el Senador Pablo Mieres, candidato a la presidencia de la Rep\u00fablica, y el Diputado Daniel Rad\u00edo.&nbsp; La reuni\u00f3n fue la \u00faltima del Ciclo Program\u00e1tico con Presidenciables que el movimiento cooperativo mantuvo con candidatos a la presidencia.&nbsp; Las siguientes acciones se realizar\u00e1n a partir de las elecciones nacionales.&nbsp; [&#8230;]<\/p>\n","protected":false},"author":27,"featured_media":2873,"comment_status":"open","ping_status":"open","sticky":false,"template":"","format":"standard","meta":{"_acf_changed":false,"ngg_post_thumbnail":0,"footnotes":""},"categories":[1],"tags":[],"class_list":["post-2872","post","type-post","status-publish","format-standard","has-post-thumbnail","hentry","category-noticias"],"acf":[],"_links":{"self":[{"href":"http:\/\/www.cudecoop.coop\/cudecoop\/wp-json\/wp\/v2\/posts\/2872","targetHints":{"allow":["GET"]}}],"collection":[{"href":"http:\/\/www.cudecoop.coop\/cudecoop\/wp-json\/wp\/v2\/posts"}],"about":[{"href":"http:\/\/www.cudecoop.coop\/cudecoop\/wp-json\/wp\/v2\/types\/post"}],"author":[{"embeddable":true,"href":"http:\/\/www.cudecoop.coop\/cudecoop\/wp-json\/wp\/v2\/users\/27"}],"replies":[{"embeddable":true,"href":"http:\/\/www.cudecoop.coop\/cudecoop\/wp-json\/wp\/v2\/comments?post=2872"}],"version-history":[{"count":3,"href":"http:\/\/www.cudecoop.coop\/cudecoop\/wp-json\/wp\/v2\/posts\/2872\/revisions"}],"predecessor-version":[{"id":2876,"href":"http:\/\/www.cudecoop.coop\/cudecoop\/wp-json\/wp\/v2\/posts\/2872\/revisions\/2876"}],"wp:featuredmedia":[{"embeddable":true,"href":"http:\/\/www.cudecoop.coop\/cudecoop\/wp-json\/wp\/v2\/media\/2873"}],"wp:attachment":[{"href":"http:\/\/www.cudecoop.coop\/cudecoop\/wp-json\/wp\/v2\/media?parent=2872"}],"wp:term":[{"taxonomy":"category","embeddable":true,"href":"http:\/\/www.cudecoop.coop\/cudecoop\/wp-json\/wp\/v2\/categories?post=2872"},{"taxonomy":"post_tag","embeddable":true,"href":"http:\/\/www.cudecoop.coop\/cudecoop\/wp-json\/wp\/v2\/tags?post=2872"}],"curies":[{"name":"wp","href":"https:\/\/api.w.org\/{rel}","templated":true}]}}