{"id":2868,"date":"2019-10-08T15:03:11","date_gmt":"2019-10-08T15:03:11","guid":{"rendered":"http:\/\/www.cudecoop.coop\/cudecoop\/?p=2868"},"modified":"2019-10-08T15:11:12","modified_gmt":"2019-10-08T15:11:12","slug":"recibimos-a-gonzalo-abella-candidato-por-unidad-popular","status":"publish","type":"post","link":"http:\/\/www.cudecoop.coop\/cudecoop\/recibimos-a-gonzalo-abella-candidato-por-unidad-popular\/","title":{"rendered":"Recibimos a Gonzalo Abella, candidato por unidad popular"},"content":{"rendered":"<p>En el marco del Ciclo Program\u00e1tico con Presidenciables, nos visit\u00f3 el candidato a la presidencia Gonzalo Abella.<\/p>\n<p>En la ma\u00f1ana del 3 de octubre el Comit\u00e9 Ejecutivo de Cudecoop present\u00f3 las Propuestas Program\u00e1ticas del cooperativismo a Gonzalo Abella, candidato por Unidad Popular.<\/p>\n<p>Mar\u00eda de los \u00c1ngeles Dati, vicepresidenta 1ra de la Confederaci\u00f3n, expres\u00f3 la necesidad del movimiento cooperativo de tener participaci\u00f3n completa en los espacios que se ocupan y buscar ser consecuentes con el espectro que se abarca.<\/p>\n","protected":false},"excerpt":{"rendered":"<p>En el marco del Ciclo Program\u00e1tico con Presidenciables, nos visit\u00f3 el candidato a la presidencia Gonzalo Abella. En la ma\u00f1ana del 3 de octubre el Comit\u00e9 Ejecutivo de Cudecoop present\u00f3 las Propuestas Program\u00e1ticas del cooperativismo a Gonzalo Abella, candidato por Unidad Popular. Mar\u00eda de los \u00c1ngeles Dati, vicepresidenta 1ra de la Confederaci\u00f3n, expres\u00f3 la necesidad del movimiento cooperativo de tener participaci\u00f3n completa en los espacios que se ocupan y buscar ser consecuentes con el espectro que se [&#8230;]<\/p>\n","protected":false},"author":27,"featured_media":2869,"comment_status":"open","ping_status":"open","sticky":false,"template":"","format":"standard","meta":{"_acf_changed":false,"ngg_post_thumbnail":0,"footnotes":""},"categories":[7,6,1],"tags":[],"class_list":["post-2868","post","type-post","status-publish","format-standard","has-post-thumbnail","hentry","category-cooperativas","category-institucionales","category-noticias"],"acf":[],"_links":{"self":[{"href":"http:\/\/www.cudecoop.coop\/cudecoop\/wp-json\/wp\/v2\/posts\/2868","targetHints":{"allow":["GET"]}}],"collection":[{"href":"http:\/\/www.cudecoop.coop\/cudecoop\/wp-json\/wp\/v2\/posts"}],"about":[{"href":"http:\/\/www.cudecoop.coop\/cudecoop\/wp-json\/wp\/v2\/types\/post"}],"author":[{"embeddable":true,"href":"http:\/\/www.cudecoop.coop\/cudecoop\/wp-json\/wp\/v2\/users\/27"}],"replies":[{"embeddable":true,"href":"http:\/\/www.cudecoop.coop\/cudecoop\/wp-json\/wp\/v2\/comments?post=2868"}],"version-history":[{"count":2,"href":"http:\/\/www.cudecoop.coop\/cudecoop\/wp-json\/wp\/v2\/posts\/2868\/revisions"}],"predecessor-version":[{"id":2871,"href":"http:\/\/www.cudecoop.coop\/cudecoop\/wp-json\/wp\/v2\/posts\/2868\/revisions\/2871"}],"wp:featuredmedia":[{"embeddable":true,"href":"http:\/\/www.cudecoop.coop\/cudecoop\/wp-json\/wp\/v2\/media\/2869"}],"wp:attachment":[{"href":"http:\/\/www.cudecoop.coop\/cudecoop\/wp-json\/wp\/v2\/media?parent=2868"}],"wp:term":[{"taxonomy":"category","embeddable":true,"href":"http:\/\/www.cudecoop.coop\/cudecoop\/wp-json\/wp\/v2\/categories?post=2868"},{"taxonomy":"post_tag","embeddable":true,"href":"http:\/\/www.cudecoop.coop\/cudecoop\/wp-json\/wp\/v2\/tags?post=2868"}],"curies":[{"name":"wp","href":"https:\/\/api.w.org\/{rel}","templated":true}]}}