{"id":2865,"date":"2019-10-07T20:12:22","date_gmt":"2019-10-07T20:12:22","guid":{"rendered":"http:\/\/www.cudecoop.coop\/cudecoop\/?p=2865"},"modified":"2019-11-12T14:32:16","modified_gmt":"2019-11-12T14:32:16","slug":"excelente-nivel-de-participacion-en-el-encuentro-intercooperativo-economias-transformadoras-territorios-diversos","status":"publish","type":"post","link":"http:\/\/www.cudecoop.coop\/cudecoop\/excelente-nivel-de-participacion-en-el-encuentro-intercooperativo-economias-transformadoras-territorios-diversos\/","title":{"rendered":"Excelente nivel de participaci\u00f3n en el Encuentro Intercooperativo Econom\u00edas Transformadoras, Territorios Diversos.\u00a0"},"content":{"rendered":"<p>Con la presencia de alrededor de 200 cooperativistas y en el marco de&nbsp;<strong>Canelones Capital del cooperativismo<\/strong>, el s\u00e1bado 5 de octubre se realiz\u00f3 el&nbsp;Encuentro de cooperativismo y econom\u00eda social y solidaria: Econom\u00edas Transformadoras, Territorios Diversos.&nbsp;<\/p>\n<p><a href=\"http:\/\/www.cudecoop.coop\/cudecoop\/wp-content\/uploads\/2019\/11\/Econom%C3%ADas-Transformadoras-Territorios-Diversos.pdf\">VER LAS CONCLUSIONES DEL ENCUENTRO<\/a><\/p>\n<p>La apertura estuvo a cargo de Richard Bayares, por la Mesa Intercooperativa de Canelones; seguido por Graciela Fern\u00e1ndez, presidenta de Cudecoop; Gustavo Bernini, presidente de Inacoop; Horacio Yanes por la Intendencia de Canelones y Gustavo Gonz\u00e1lez por el Municipio de la ciudad.<\/p>\n<p>Nuestra Presidenta Graciela Fern\u00e1ndez en el comienzo de la actividad&nbsp; se refiri\u00f3 a la importancia del encuentro, de encontrarse con cooperativas del territorio como momento propicio para reforzar la identidad cooperativa. Hecho singular que promueve el afianzamiento del sector para luego mejorar las pol\u00edticas dirigidas al movimiento.&nbsp;<\/p>\n<p>Con el objetivo de promover la participaci\u00f3n de los distintos actores y&nbsp;organizaciones que trabajan en el marco de los valores cooperativos y de la Econom\u00eda Social y Solidaria, se trabaj\u00f3 en una jornada de talleres, intercambios y profundizaci\u00f3n para reflexionar acerca de los principales desaf\u00edos del sector.<\/p>\n<p>Los trabajos en conjunto estuvieron guiados por cuatro ejes dentro de los cuales expusieron actividades impulsadas por las distintas organizaciones del movimiento cooperativo y experiencias de diferentes clases cooperativas que llegaron desde distintas partes del pa\u00eds.<\/p>\n<p>Las l\u00edneas seguidas para el trabajo en talleres fueron divididas en cuatro mesas en las cuales se presentaron, a trav\u00e9s de una convocatoria abierta, cooperativas; emprendimientos de la econom\u00eda solidaria; estudiantes en el marco de pr\u00e1cticas vinculadas al sector; y organizaciones que contaron sus experiencias en lo que tiene que ver con los ejes del evento.<\/p>\n<p><strong>Eje1: Mesa de Intercooperaci\u00f3n y territorio<\/strong><\/p>\n<p>Expusieron: Incubacoop, Molino Santa Rosa, Olivos del Sur, Intelog y la Mesa Intercooperativa de Paysand\u00fa.<\/p>\n<p><strong>Eje2: Mesa de Cooperativismo, educaci\u00f3n y promoci\u00f3n<\/strong><\/p>\n<p>Expusieron: Mesa de Canelones \u2013 Experiencia Paecef, Cooperativa Artigas, Inacoop y Cudecoop respecto a su formaci\u00f3n, Coopzes, La Fraterna y Entrebichitos.<\/p>\n<p><strong>Eje3: Mesa de G\u00e9nero:<\/strong><\/p>\n<p>Expusieron: Comisi\u00f3n de G\u00e9nero de Cudecoop, \u00c1rea de G\u00e9nero de FCPU, \u00c1rea de G\u00e9nero de Fucvam, Mujeres empoder\u00e1ndonos.<\/p>\n<p><strong>Eje4: Mesa Mercado Social:<\/strong><\/p>\n<p>Expusieron: S\u00edCoop, FCPU, Coordinadora Nacional de Econom\u00eda Social y Solidaria, y CAVA.<\/p>\n<p>Cada mesa, luego de la introducci\u00f3n a cargo de distintos representantes pol\u00edticos y la presentaci\u00f3n de experiencias, tuvo un espacio de intercambio donde cooperativistas de distintas clases plantearon sus inquietudes e intercambiaron con las autoridades y participantes. A partir de esas instancias de encuentro y debate se pretende crear una nueva hoja de ruta para trabajar en todo el territorio nacional atendiendo las necesidades de cada sector.<\/p>\n<p>Para el cierre de la actividad participaron Ariel Nicoliello, por Inacoop; Gabriel Isola, por Cudecoop y Flavia Carreto, en representaci\u00f3n de la Unidad de Desarrollo Cooperativo y de la Econom\u00eda Social y Solidaria de la Intendencia de Canelones.&nbsp;<\/p>\n","protected":false},"excerpt":{"rendered":"<p>Con la presencia de alrededor de 200 cooperativistas y en el marco de&nbsp;Canelones Capital del cooperativismo, el s\u00e1bado 5 de octubre se realiz\u00f3 el&nbsp;Encuentro de cooperativismo y econom\u00eda social y solidaria: Econom\u00edas Transformadoras, Territorios Diversos.&nbsp; VER LAS CONCLUSIONES DEL ENCUENTRO La apertura estuvo a cargo de Richard Bayares, por la Mesa Intercooperativa de Canelones; seguido por Graciela Fern\u00e1ndez, presidenta de Cudecoop; Gustavo Bernini, presidente de Inacoop; Horacio Yanes por la Intendencia de Canelones y Gustavo Gonz\u00e1lez por el Municipio de la ciudad. Nuestra Presidenta Graciela Fern\u00e1ndez en el comienzo de la actividad&nbsp; se refiri\u00f3 a la importancia del encuentro, de [&#8230;]<\/p>\n","protected":false},"author":27,"featured_media":2866,"comment_status":"open","ping_status":"open","sticky":false,"template":"","format":"standard","meta":{"_acf_changed":false,"ngg_post_thumbnail":0,"footnotes":""},"categories":[7,6,1],"tags":[],"class_list":["post-2865","post","type-post","status-publish","format-standard","has-post-thumbnail","hentry","category-cooperativas","category-institucionales","category-noticias"],"acf":[],"_links":{"self":[{"href":"http:\/\/www.cudecoop.coop\/cudecoop\/wp-json\/wp\/v2\/posts\/2865","targetHints":{"allow":["GET"]}}],"collection":[{"href":"http:\/\/www.cudecoop.coop\/cudecoop\/wp-json\/wp\/v2\/posts"}],"about":[{"href":"http:\/\/www.cudecoop.coop\/cudecoop\/wp-json\/wp\/v2\/types\/post"}],"author":[{"embeddable":true,"href":"http:\/\/www.cudecoop.coop\/cudecoop\/wp-json\/wp\/v2\/users\/27"}],"replies":[{"embeddable":true,"href":"http:\/\/www.cudecoop.coop\/cudecoop\/wp-json\/wp\/v2\/comments?post=2865"}],"version-history":[{"count":3,"href":"http:\/\/www.cudecoop.coop\/cudecoop\/wp-json\/wp\/v2\/posts\/2865\/revisions"}],"predecessor-version":[{"id":2957,"href":"http:\/\/www.cudecoop.coop\/cudecoop\/wp-json\/wp\/v2\/posts\/2865\/revisions\/2957"}],"wp:featuredmedia":[{"embeddable":true,"href":"http:\/\/www.cudecoop.coop\/cudecoop\/wp-json\/wp\/v2\/media\/2866"}],"wp:attachment":[{"href":"http:\/\/www.cudecoop.coop\/cudecoop\/wp-json\/wp\/v2\/media?parent=2865"}],"wp:term":[{"taxonomy":"category","embeddable":true,"href":"http:\/\/www.cudecoop.coop\/cudecoop\/wp-json\/wp\/v2\/categories?post=2865"},{"taxonomy":"post_tag","embeddable":true,"href":"http:\/\/www.cudecoop.coop\/cudecoop\/wp-json\/wp\/v2\/tags?post=2865"}],"curies":[{"name":"wp","href":"https:\/\/api.w.org\/{rel}","templated":true}]}}