{"id":2857,"date":"2019-09-30T19:32:47","date_gmt":"2019-09-30T19:32:47","guid":{"rendered":"http:\/\/www.cudecoop.coop\/cudecoop\/?p=2857"},"modified":"2019-11-12T14:21:15","modified_gmt":"2019-11-12T14:21:15","slug":"con-mas-de-150-participantes-se-realizo-el-tercer-encuentro-de-genero-en-el-cooperativismo","status":"publish","type":"post","link":"http:\/\/www.cudecoop.coop\/cudecoop\/con-mas-de-150-participantes-se-realizo-el-tercer-encuentro-de-genero-en-el-cooperativismo\/","title":{"rendered":"Con m\u00e1s de 150 participantes, se realiz\u00f3 el tercer Encuentro de G\u00e9nero en el cooperativismo"},"content":{"rendered":"<p>El s\u00e1bado 28 de setiembre se llev\u00f3 a cabo en el Hogar Vacacional de UCOT en El&nbsp;Pinar una nueva edici\u00f3n del Encuentro Nacional de G\u00e9nero en el cooperativismo convocado por la Comisi\u00f3n de G\u00e9nero Cudecoop.<br \/>\nCon la participaci\u00f3n de 150 cooperativistas en representaci\u00f3n de casi todos los&nbsp;departamentos del pa\u00eds y sus mesas intercooperativas se llevaron a cabo distintas&nbsp;actividades de intercambio y reflexi\u00f3n con el objetivo de crear un mapa de ruta&nbsp;para el movimiento cooperativo en torno a las principales l\u00edneas de trabajo que se&nbsp;deben seguir para construir un movimiento cooperativo m\u00e1s igualitario.<\/p>\n<p><a href=\"http:\/\/www.cudecoop.coop\/cudecoop\/wp-content\/uploads\/2019\/11\/Conclusiones-Encuentro-Nacional-de-G%C3%A9nero-en-el-Cooperativismo-.pdf\">VER LAS CONCLUSIONES DEL ENCUENTRO<\/a><\/p>\n<p>La apertura estuvo a cargo de Alicia Maneiro, en representaci\u00f3n del Ejecutivo de Cudecoop; \u00c1ngeles Datti,&nbsp;en su rol como presidenta de la Comisi\u00f3n de G\u00e9nero de Cudecoop y Juan Carlos&nbsp;Canessa; vicepresidente segundo de la Confederaci\u00f3n.<\/p>\n<p>Durante la ma\u00f1ana se expuso sobre las buenas pr\u00e1cticas que se vienen<br \/>\nllevando adelante desde cooperativas y federaciones que integran nuestro<br \/>\nmovimiento con el objetivo de avanzar en igualdad de g\u00e9nero.<\/p>\n<p>Participaron de&nbsp;estas exposiciones compa\u00f1eras de Fucvam, FCPU, Cooperativa Artigas, CAF,&nbsp;CNFR, FUCC, e Inacoop. Adem\u00e1s. Lautaro Viscay, gerente de Incubacoop, invit\u00f3 a&nbsp;las cooperativistas a acercarse a los recursos de que ofrece la Incubadora de&nbsp;cooperativas.<\/p>\n<p>Luego de la presentaci\u00f3n de las autoridades y exposiciones, quienes participaron&nbsp;generaron espacios de reflexi\u00f3n y an\u00e1lisis sobre las desigualdades de g\u00e9nero&nbsp;en el movimiento cooperativo uruguayo.<br \/>\nLa forma de trabajo fue en 5 talleres simult\u00e1neos en los que se retomaron las 5&nbsp;l\u00edneas&nbsp;estrat\u00e9gicas propuestas por la consultor\u00eda realizada desde<br \/>\nINACOOP-Inmujeres-ONU Mujeres.<\/p>\n<p>La consigna del trabajo en talleres estuvo&nbsp;orientada a pensar l\u00edneas de trabajo espec\u00edficas para cada eje, a partir de las&nbsp;experiencias y saberes de las participantes, las pr\u00e1cticas desarrolladas por sus&nbsp;cooperativas y federaciones, as\u00ed como por los insumos de la consultor\u00eda y las&nbsp;investigaciones realizadas -Cooperaci\u00f3n con Equidad, CUDECOOP-.<\/p>\n<p>\u25cf Eje 1: Sensibilizaci\u00f3n y formaci\u00f3n en g\u00e9nero.<br \/>\n\u25cf Eje 2: Corresponsabilidad en cuidados.<br \/>\n\u25cf Eje 3: Mecanismos de promoci\u00f3n de equidad de g\u00e9nero.<br \/>\n\u25cf Eje 4: Cambios normativos.<br \/>\n\u25cf Eje 5: Empoderamiento de las mujeres.<\/p>\n<p>A la tarde se trabaj\u00f3 en una plenaria a cargo de&nbsp;Andrea Tuana. Esta puesta en com\u00fan concluy\u00f3 con el desarrollo de l\u00edneas&nbsp;estrat\u00e9gicas&nbsp;para el movimiento cooperativo.<br \/>\nAntes del cierre art\u00edstico a cargo de Georgina y Rosina Giamberini,&nbsp;quienes desde el humor abordaron distintas realidades que vinculan g\u00e9nero y&nbsp;cooperativismo, se le dio la palabra a Gustavo Bernini, Presidente del INACOOP, quien se acerc\u00f3 para acompa\u00f1ar en la jornada.&nbsp;<\/p>\n<p>El total de la concurrencia particip\u00f3 de la adhesi\u00f3n a mano alzada a Alianza<br \/>\nCooperativa por la no violencia de G\u00e9nero. Adem\u00e1s del apoyo de Cudecoop, la<br \/>\nactividad cont\u00f3 con el respaldo del Instituto Nacional del Cooperativismo; el Gobierno de Canelones e Inmujeres-MIDES.<\/p>\n<p>Recordamos que esta actividad se desarroll\u00f3 en el marco de Canelones Capital del&nbsp;Cooperativismo 2019.<\/p>\n","protected":false},"excerpt":{"rendered":"<p>El s\u00e1bado 28 de setiembre se llev\u00f3 a cabo en el Hogar Vacacional de UCOT en El&nbsp;Pinar una nueva edici\u00f3n del Encuentro Nacional de G\u00e9nero en el cooperativismo convocado por la Comisi\u00f3n de G\u00e9nero Cudecoop.<br \/> Con la participaci\u00f3n de 150 cooperativistas en representaci\u00f3n de casi todos los&nbsp;departamentos del pa\u00eds y sus mesas intercooperativas se llevaron a cabo distintas&nbsp;actividades de intercambio y reflexi\u00f3n con el objetivo de crear un mapa de ruta&nbsp;para el movimiento cooperativo en torno a las principales l\u00edneas de trabajo que se&nbsp;deben seguir para construir un movimiento cooperativo m\u00e1s igualitario. VER LAS CONCLUSIONES DEL ENCUENTRO La apertura [&#8230;]<\/p>\n","protected":false},"author":27,"featured_media":2858,"comment_status":"open","ping_status":"open","sticky":false,"template":"","format":"standard","meta":{"_acf_changed":false,"ngg_post_thumbnail":0,"footnotes":""},"categories":[7,6,1],"tags":[],"class_list":["post-2857","post","type-post","status-publish","format-standard","has-post-thumbnail","hentry","category-cooperativas","category-institucionales","category-noticias"],"acf":[],"_links":{"self":[{"href":"http:\/\/www.cudecoop.coop\/cudecoop\/wp-json\/wp\/v2\/posts\/2857","targetHints":{"allow":["GET"]}}],"collection":[{"href":"http:\/\/www.cudecoop.coop\/cudecoop\/wp-json\/wp\/v2\/posts"}],"about":[{"href":"http:\/\/www.cudecoop.coop\/cudecoop\/wp-json\/wp\/v2\/types\/post"}],"author":[{"embeddable":true,"href":"http:\/\/www.cudecoop.coop\/cudecoop\/wp-json\/wp\/v2\/users\/27"}],"replies":[{"embeddable":true,"href":"http:\/\/www.cudecoop.coop\/cudecoop\/wp-json\/wp\/v2\/comments?post=2857"}],"version-history":[{"count":3,"href":"http:\/\/www.cudecoop.coop\/cudecoop\/wp-json\/wp\/v2\/posts\/2857\/revisions"}],"predecessor-version":[{"id":2953,"href":"http:\/\/www.cudecoop.coop\/cudecoop\/wp-json\/wp\/v2\/posts\/2857\/revisions\/2953"}],"wp:featuredmedia":[{"embeddable":true,"href":"http:\/\/www.cudecoop.coop\/cudecoop\/wp-json\/wp\/v2\/media\/2858"}],"wp:attachment":[{"href":"http:\/\/www.cudecoop.coop\/cudecoop\/wp-json\/wp\/v2\/media?parent=2857"}],"wp:term":[{"taxonomy":"category","embeddable":true,"href":"http:\/\/www.cudecoop.coop\/cudecoop\/wp-json\/wp\/v2\/categories?post=2857"},{"taxonomy":"post_tag","embeddable":true,"href":"http:\/\/www.cudecoop.coop\/cudecoop\/wp-json\/wp\/v2\/tags?post=2857"}],"curies":[{"name":"wp","href":"https:\/\/api.w.org\/{rel}","templated":true}]}}