{"id":2853,"date":"2019-09-26T20:08:22","date_gmt":"2019-09-26T20:08:22","guid":{"rendered":"http:\/\/www.cudecoop.coop\/cudecoop\/?p=2853"},"modified":"2019-09-26T20:08:22","modified_gmt":"2019-09-26T20:08:22","slug":"las-cooperativas-como-medio-para-el-desarrollo-humano","status":"publish","type":"post","link":"http:\/\/www.cudecoop.coop\/cudecoop\/las-cooperativas-como-medio-para-el-desarrollo-humano\/","title":{"rendered":"Las cooperativas como medio para el desarrollo humano"},"content":{"rendered":"<p>El mi\u00e9rcoles 25 de setiembre, en el Ministerio de Trabajo y Seguridad Social, el Instituto Nacional de Cooperativismo y el Instituto Nacional de Empleo y Formaci\u00f3n Profesional, realizaron una jornada para compartir varias experiencias exitosas de &#8220;Emprendimientos Asociativos Reactivados&#8221;, que han contado con diversos apoyos desde la pol\u00edtica p\u00fablica. Tras las palabras del representante por INEFOP y del Presidente de INACOOP, Gustavo Bernini, el Ministro de Trabajo, Ernesto Murro fue facilitando la presentaci\u00f3n de un vasto conjunto de iniciativas, mayoritariamente cooperativas:<\/p>\n<p>Cooperativa Agraria Limitada Uruguaya de Productores de Cerdos (Caluprocerd)<\/p>\n<p>Cooperativa Agraria de Productores Rurales Unidos&nbsp; de San Antonio (Coaprusa)<\/p>\n<p>Cooperativa de Trabajadoras Conacotex<\/p>\n<p>Cooperativa de Trabajadores de Molino Florida<\/p>\n<p>Cooperativa de Trabajadores de Molino Santa Rosa<\/p>\n<p>Cooperativa L\u00e1ctea de Melo (Coleme)<\/p>\n<p>Cooperativas sociales de Juan Lacaze (Camicoop, Seicoop, Coserva, Coopman)<\/p>\n<p>Movimiento Nacional de Ladrilleros<\/p>\n<p>Sociedad de Fomento Rural de Colonia 18 de julio<\/p>\n<p><span style=\"color: #000000;\">Al cierre, el Ministro Murro invit\u00f3 a participar con unas palabras a nuestra Presidenta Graciela Fern\u00e1ndez, qui\u00e9n agradeci\u00f3 al Ministerio de Trabajo y Seguridad Social por la labor realizada a partir del est\u00edmulo que han significado las pol\u00edticas p\u00fablicas para la promoci\u00f3n del desarrollo y fortalecimiento del cooperativismo haciendo \u00e9nfasis en el desarrollo humano.<\/span><\/p>\n<p><span style=\"color: #000000;\">Tambi\u00e9n felicit\u00f3 a las experiencias cooperativas que se presentaron en la jornada, que adem\u00e1s del desarrollo laboral individual, han permitido a tantas familias continuar con sus proyectos de vida,&nbsp;contando con&nbsp;el cooperativismo como medio para ello.<\/span><\/p>\n<div class=\"yj6qo ajU\">&nbsp;<\/div>\n","protected":false},"excerpt":{"rendered":"<p>El mi\u00e9rcoles 25 de setiembre, en el Ministerio de Trabajo y Seguridad Social, el Instituto Nacional de Cooperativismo y el Instituto Nacional de Empleo y Formaci\u00f3n Profesional, realizaron una jornada para compartir varias experiencias exitosas de &#8220;Emprendimientos Asociativos Reactivados&#8221;, que han contado con diversos apoyos desde la pol\u00edtica p\u00fablica. Tras las palabras del representante por INEFOP y del Presidente de INACOOP, Gustavo Bernini, el Ministro de Trabajo, Ernesto Murro fue facilitando la presentaci\u00f3n de un vasto conjunto de iniciativas, mayoritariamente cooperativas: Cooperativa Agraria Limitada Uruguaya de Productores de Cerdos (Caluprocerd) Cooperativa Agraria de Productores Rurales Unidos&nbsp; de San Antonio (Coaprusa) [&#8230;]<\/p>\n","protected":false},"author":27,"featured_media":2854,"comment_status":"open","ping_status":"open","sticky":false,"template":"","format":"standard","meta":{"_acf_changed":false,"ngg_post_thumbnail":0,"footnotes":""},"categories":[7,6,1],"tags":[],"class_list":["post-2853","post","type-post","status-publish","format-standard","has-post-thumbnail","hentry","category-cooperativas","category-institucionales","category-noticias"],"acf":[],"_links":{"self":[{"href":"http:\/\/www.cudecoop.coop\/cudecoop\/wp-json\/wp\/v2\/posts\/2853","targetHints":{"allow":["GET"]}}],"collection":[{"href":"http:\/\/www.cudecoop.coop\/cudecoop\/wp-json\/wp\/v2\/posts"}],"about":[{"href":"http:\/\/www.cudecoop.coop\/cudecoop\/wp-json\/wp\/v2\/types\/post"}],"author":[{"embeddable":true,"href":"http:\/\/www.cudecoop.coop\/cudecoop\/wp-json\/wp\/v2\/users\/27"}],"replies":[{"embeddable":true,"href":"http:\/\/www.cudecoop.coop\/cudecoop\/wp-json\/wp\/v2\/comments?post=2853"}],"version-history":[{"count":2,"href":"http:\/\/www.cudecoop.coop\/cudecoop\/wp-json\/wp\/v2\/posts\/2853\/revisions"}],"predecessor-version":[{"id":2856,"href":"http:\/\/www.cudecoop.coop\/cudecoop\/wp-json\/wp\/v2\/posts\/2853\/revisions\/2856"}],"wp:featuredmedia":[{"embeddable":true,"href":"http:\/\/www.cudecoop.coop\/cudecoop\/wp-json\/wp\/v2\/media\/2854"}],"wp:attachment":[{"href":"http:\/\/www.cudecoop.coop\/cudecoop\/wp-json\/wp\/v2\/media?parent=2853"}],"wp:term":[{"taxonomy":"category","embeddable":true,"href":"http:\/\/www.cudecoop.coop\/cudecoop\/wp-json\/wp\/v2\/categories?post=2853"},{"taxonomy":"post_tag","embeddable":true,"href":"http:\/\/www.cudecoop.coop\/cudecoop\/wp-json\/wp\/v2\/tags?post=2853"}],"curies":[{"name":"wp","href":"https:\/\/api.w.org\/{rel}","templated":true}]}}