{"id":2839,"date":"2019-09-12T15:44:41","date_gmt":"2019-09-12T15:44:41","guid":{"rendered":"http:\/\/www.cudecoop.coop\/cudecoop\/?p=2839"},"modified":"2019-09-12T15:49:07","modified_gmt":"2019-09-12T15:49:07","slug":"el-movimiento-cooperativo-recibio-al-partido-colorado","status":"publish","type":"post","link":"http:\/\/www.cudecoop.coop\/cudecoop\/el-movimiento-cooperativo-recibio-al-partido-colorado\/","title":{"rendered":"El movimiento cooperativo recibi\u00f3 al Partido Colorado"},"content":{"rendered":"<p>El Consejo Directivo de Cudecoop se reuni\u00f3 la ma\u00f1ana del jueves 12&nbsp; de setiembre, con representantes del Partido Colorado.<\/p>\n<p>Por motivos de salud no pudo concurrir el candidato a la Presidencia, Ernesto Talvi.&nbsp;Concurrieron a la reuni\u00f3n junto a Consejeros de la Confederaci\u00f3n, Robert Silva, candidato a la Vicepresidencia del Partido Colorado junto a&nbsp;Felipe Schipani Prosecretario General del mismo.&nbsp;&nbsp;<\/p>\n<p>Se trat\u00f3 del tercer encuentro realizado en el marco del Ciclo Program\u00e1tico con Presidenciables que la Confederaci\u00f3n mantiene con candidatos a la Presidencia de los distintos Partidos. Ya se realiz\u00f3 esta instancia con el Frente Amplio y con el Partido Nacional.&nbsp;<\/p>\n<p><img loading=\"lazy\" decoding=\"async\" class=\"alignnone size-medium wp-image-2841\" src=\"http:\/\/www.cudecoop.coop\/cudecoop\/wp-content\/uploads\/2019\/09\/WhatsApp-Image-2019-09-12-at-11.00.47-300x142.jpeg\" alt=\"\" width=\"300\" height=\"142\" srcset=\"http:\/\/www.cudecoop.coop\/cudecoop\/wp-content\/uploads\/2019\/09\/WhatsApp-Image-2019-09-12-at-11.00.47-300x142.jpeg 300w, http:\/\/www.cudecoop.coop\/cudecoop\/wp-content\/uploads\/2019\/09\/WhatsApp-Image-2019-09-12-at-11.00.47-768x363.jpeg 768w, http:\/\/www.cudecoop.coop\/cudecoop\/wp-content\/uploads\/2019\/09\/WhatsApp-Image-2019-09-12-at-11.00.47-1024x484.jpeg 1024w, http:\/\/www.cudecoop.coop\/cudecoop\/wp-content\/uploads\/2019\/09\/WhatsApp-Image-2019-09-12-at-11.00.47-24x11.jpeg 24w, http:\/\/www.cudecoop.coop\/cudecoop\/wp-content\/uploads\/2019\/09\/WhatsApp-Image-2019-09-12-at-11.00.47-36x17.jpeg 36w, http:\/\/www.cudecoop.coop\/cudecoop\/wp-content\/uploads\/2019\/09\/WhatsApp-Image-2019-09-12-at-11.00.47-48x23.jpeg 48w, http:\/\/www.cudecoop.coop\/cudecoop\/wp-content\/uploads\/2019\/09\/WhatsApp-Image-2019-09-12-at-11.00.47.jpeg 1600w\" sizes=\"auto, (max-width: 300px) 100vw, 300px\" \/> <img loading=\"lazy\" decoding=\"async\" class=\"alignnone size-medium wp-image-2842\" src=\"http:\/\/www.cudecoop.coop\/cudecoop\/wp-content\/uploads\/2019\/09\/WhatsApp-Image-2019-09-12-at-10.52.23-300x142.jpeg\" alt=\"\" width=\"300\" height=\"142\" srcset=\"http:\/\/www.cudecoop.coop\/cudecoop\/wp-content\/uploads\/2019\/09\/WhatsApp-Image-2019-09-12-at-10.52.23-300x142.jpeg 300w, http:\/\/www.cudecoop.coop\/cudecoop\/wp-content\/uploads\/2019\/09\/WhatsApp-Image-2019-09-12-at-10.52.23-768x363.jpeg 768w, http:\/\/www.cudecoop.coop\/cudecoop\/wp-content\/uploads\/2019\/09\/WhatsApp-Image-2019-09-12-at-10.52.23-1024x484.jpeg 1024w, http:\/\/www.cudecoop.coop\/cudecoop\/wp-content\/uploads\/2019\/09\/WhatsApp-Image-2019-09-12-at-10.52.23-24x11.jpeg 24w, http:\/\/www.cudecoop.coop\/cudecoop\/wp-content\/uploads\/2019\/09\/WhatsApp-Image-2019-09-12-at-10.52.23-36x17.jpeg 36w, http:\/\/www.cudecoop.coop\/cudecoop\/wp-content\/uploads\/2019\/09\/WhatsApp-Image-2019-09-12-at-10.52.23-48x23.jpeg 48w, http:\/\/www.cudecoop.coop\/cudecoop\/wp-content\/uploads\/2019\/09\/WhatsApp-Image-2019-09-12-at-10.52.23.jpeg 1600w\" sizes=\"auto, (max-width: 300px) 100vw, 300px\" \/><\/p>\n<p>&nbsp;<\/p>\n","protected":false},"excerpt":{"rendered":"<p>El Consejo Directivo de Cudecoop se reuni\u00f3 la ma\u00f1ana del jueves 12&nbsp; de setiembre, con representantes del Partido Colorado. Por motivos de salud no pudo concurrir el candidato a la Presidencia, Ernesto Talvi.&nbsp;Concurrieron a la reuni\u00f3n junto a Consejeros de la Confederaci\u00f3n, Robert Silva, candidato a la Vicepresidencia del Partido Colorado junto a&nbsp;Felipe Schipani Prosecretario General del mismo.&nbsp;&nbsp; Se trat\u00f3 del tercer encuentro realizado en el marco del Ciclo Program\u00e1tico con Presidenciables que la Confederaci\u00f3n mantiene con candidatos a la Presidencia de los distintos Partidos. Ya se realiz\u00f3 esta instancia con el Frente Amplio y con el Partido Nacional.&nbsp; [&#8230;]<\/p>\n","protected":false},"author":27,"featured_media":2840,"comment_status":"open","ping_status":"open","sticky":false,"template":"","format":"standard","meta":{"_acf_changed":false,"ngg_post_thumbnail":0,"footnotes":""},"categories":[7,6,1],"tags":[],"class_list":["post-2839","post","type-post","status-publish","format-standard","has-post-thumbnail","hentry","category-cooperativas","category-institucionales","category-noticias"],"acf":[],"_links":{"self":[{"href":"http:\/\/www.cudecoop.coop\/cudecoop\/wp-json\/wp\/v2\/posts\/2839","targetHints":{"allow":["GET"]}}],"collection":[{"href":"http:\/\/www.cudecoop.coop\/cudecoop\/wp-json\/wp\/v2\/posts"}],"about":[{"href":"http:\/\/www.cudecoop.coop\/cudecoop\/wp-json\/wp\/v2\/types\/post"}],"author":[{"embeddable":true,"href":"http:\/\/www.cudecoop.coop\/cudecoop\/wp-json\/wp\/v2\/users\/27"}],"replies":[{"embeddable":true,"href":"http:\/\/www.cudecoop.coop\/cudecoop\/wp-json\/wp\/v2\/comments?post=2839"}],"version-history":[{"count":4,"href":"http:\/\/www.cudecoop.coop\/cudecoop\/wp-json\/wp\/v2\/posts\/2839\/revisions"}],"predecessor-version":[{"id":2847,"href":"http:\/\/www.cudecoop.coop\/cudecoop\/wp-json\/wp\/v2\/posts\/2839\/revisions\/2847"}],"wp:featuredmedia":[{"embeddable":true,"href":"http:\/\/www.cudecoop.coop\/cudecoop\/wp-json\/wp\/v2\/media\/2840"}],"wp:attachment":[{"href":"http:\/\/www.cudecoop.coop\/cudecoop\/wp-json\/wp\/v2\/media?parent=2839"}],"wp:term":[{"taxonomy":"category","embeddable":true,"href":"http:\/\/www.cudecoop.coop\/cudecoop\/wp-json\/wp\/v2\/categories?post=2839"},{"taxonomy":"post_tag","embeddable":true,"href":"http:\/\/www.cudecoop.coop\/cudecoop\/wp-json\/wp\/v2\/tags?post=2839"}],"curies":[{"name":"wp","href":"https:\/\/api.w.org\/{rel}","templated":true}]}}