{"id":2831,"date":"2019-09-11T21:22:55","date_gmt":"2019-09-11T21:22:55","guid":{"rendered":"http:\/\/www.cudecoop.coop\/cudecoop\/?p=2831"},"modified":"2019-09-11T21:23:17","modified_gmt":"2019-09-11T21:23:17","slug":"el-movimiento-cooperativo-se-reunio-con-luis-lacalle-pou","status":"publish","type":"post","link":"http:\/\/www.cudecoop.coop\/cudecoop\/el-movimiento-cooperativo-se-reunio-con-luis-lacalle-pou\/","title":{"rendered":"El movimiento cooperativo\u00a0se reuni\u00f3 con Lu\u00eds Lacalle Pou"},"content":{"rendered":"<p>En la tarde del martes 11 de setiembre, la Confederaci\u00f3n se reuni\u00f3 con Lu\u00eds Lacalle Pou y parte de su equipo de asesores, entre los cuales participaron Mario Arizti y Gonzalo Mujica.&nbsp;<\/p>\n<p>La actividad se desarroll\u00f3 en el marco de una reuni\u00f3n del Consejo Directivo con el candidato, con motivo de presentar al mismo las Propuestas Program\u00e1ticas del Cooperativismo a candidatos a la presidencia de la Rep\u00fablica.&nbsp;<\/p>\n<p>Este ciclo se continuar\u00e1 realizando en las siguientes jornadas.&nbsp;<\/p>\n<p>Les recordamos que las Propuestas est\u00e1n publicadas para ser consultadas. <a href=\"http:\/\/www.cudecoop.coop\/cudecoop\/wp-content\/uploads\/2019\/08\/Propuestas_Program%C3%A1ticas_CUDECOOP_2019.pdf\">Aqu\u00ed.<\/a><\/p>\n<p><img loading=\"lazy\" decoding=\"async\" class=\"alignnone size-medium wp-image-2834\" src=\"http:\/\/www.cudecoop.coop\/cudecoop\/wp-content\/uploads\/2019\/09\/WhatsApp-Image-2019-09-11-at-17.17.16-300x142.jpeg\" alt=\"\" width=\"300\" height=\"142\" srcset=\"http:\/\/www.cudecoop.coop\/cudecoop\/wp-content\/uploads\/2019\/09\/WhatsApp-Image-2019-09-11-at-17.17.16-300x142.jpeg 300w, http:\/\/www.cudecoop.coop\/cudecoop\/wp-content\/uploads\/2019\/09\/WhatsApp-Image-2019-09-11-at-17.17.16-768x364.jpeg 768w, http:\/\/www.cudecoop.coop\/cudecoop\/wp-content\/uploads\/2019\/09\/WhatsApp-Image-2019-09-11-at-17.17.16-1024x485.jpeg 1024w, http:\/\/www.cudecoop.coop\/cudecoop\/wp-content\/uploads\/2019\/09\/WhatsApp-Image-2019-09-11-at-17.17.16-24x11.jpeg 24w, http:\/\/www.cudecoop.coop\/cudecoop\/wp-content\/uploads\/2019\/09\/WhatsApp-Image-2019-09-11-at-17.17.16-36x17.jpeg 36w, http:\/\/www.cudecoop.coop\/cudecoop\/wp-content\/uploads\/2019\/09\/WhatsApp-Image-2019-09-11-at-17.17.16-48x23.jpeg 48w, http:\/\/www.cudecoop.coop\/cudecoop\/wp-content\/uploads\/2019\/09\/WhatsApp-Image-2019-09-11-at-17.17.16.jpeg 1599w\" sizes=\"auto, (max-width: 300px) 100vw, 300px\" \/> <img loading=\"lazy\" decoding=\"async\" class=\"alignnone size-medium wp-image-2836\" src=\"http:\/\/www.cudecoop.coop\/cudecoop\/wp-content\/uploads\/2019\/09\/WhatsApp-Image-2019-09-11-at-17.35.37-300x142.jpeg\" alt=\"\" width=\"300\" height=\"142\" srcset=\"http:\/\/www.cudecoop.coop\/cudecoop\/wp-content\/uploads\/2019\/09\/WhatsApp-Image-2019-09-11-at-17.35.37-300x142.jpeg 300w, http:\/\/www.cudecoop.coop\/cudecoop\/wp-content\/uploads\/2019\/09\/WhatsApp-Image-2019-09-11-at-17.35.37-768x363.jpeg 768w, http:\/\/www.cudecoop.coop\/cudecoop\/wp-content\/uploads\/2019\/09\/WhatsApp-Image-2019-09-11-at-17.35.37-1024x484.jpeg 1024w, http:\/\/www.cudecoop.coop\/cudecoop\/wp-content\/uploads\/2019\/09\/WhatsApp-Image-2019-09-11-at-17.35.37-24x11.jpeg 24w, http:\/\/www.cudecoop.coop\/cudecoop\/wp-content\/uploads\/2019\/09\/WhatsApp-Image-2019-09-11-at-17.35.37-36x17.jpeg 36w, http:\/\/www.cudecoop.coop\/cudecoop\/wp-content\/uploads\/2019\/09\/WhatsApp-Image-2019-09-11-at-17.35.37-48x23.jpeg 48w, http:\/\/www.cudecoop.coop\/cudecoop\/wp-content\/uploads\/2019\/09\/WhatsApp-Image-2019-09-11-at-17.35.37.jpeg 1600w\" sizes=\"auto, (max-width: 300px) 100vw, 300px\" \/><\/p>\n<p>&nbsp;<\/p>\n","protected":false},"excerpt":{"rendered":"<p>En la tarde del martes 11 de setiembre, la Confederaci\u00f3n se reuni\u00f3 con Lu\u00eds Lacalle Pou y parte de su equipo de asesores, entre los cuales participaron Mario Arizti y Gonzalo Mujica.&nbsp; La actividad se desarroll\u00f3 en el marco de una reuni\u00f3n del Consejo Directivo con el candidato, con motivo de presentar al mismo las Propuestas Program\u00e1ticas del Cooperativismo a candidatos a la presidencia de la Rep\u00fablica.&nbsp; Este ciclo se continuar\u00e1 realizando en las siguientes jornadas.&nbsp; Les recordamos que las Propuestas est\u00e1n publicadas para ser consultadas. Aqu\u00ed. [&#8230;]<\/p>\n","protected":false},"author":27,"featured_media":2835,"comment_status":"open","ping_status":"open","sticky":false,"template":"","format":"standard","meta":{"_acf_changed":false,"ngg_post_thumbnail":0,"footnotes":""},"categories":[7,6,1],"tags":[],"class_list":["post-2831","post","type-post","status-publish","format-standard","has-post-thumbnail","hentry","category-cooperativas","category-institucionales","category-noticias"],"acf":[],"_links":{"self":[{"href":"http:\/\/www.cudecoop.coop\/cudecoop\/wp-json\/wp\/v2\/posts\/2831","targetHints":{"allow":["GET"]}}],"collection":[{"href":"http:\/\/www.cudecoop.coop\/cudecoop\/wp-json\/wp\/v2\/posts"}],"about":[{"href":"http:\/\/www.cudecoop.coop\/cudecoop\/wp-json\/wp\/v2\/types\/post"}],"author":[{"embeddable":true,"href":"http:\/\/www.cudecoop.coop\/cudecoop\/wp-json\/wp\/v2\/users\/27"}],"replies":[{"embeddable":true,"href":"http:\/\/www.cudecoop.coop\/cudecoop\/wp-json\/wp\/v2\/comments?post=2831"}],"version-history":[{"count":4,"href":"http:\/\/www.cudecoop.coop\/cudecoop\/wp-json\/wp\/v2\/posts\/2831\/revisions"}],"predecessor-version":[{"id":2838,"href":"http:\/\/www.cudecoop.coop\/cudecoop\/wp-json\/wp\/v2\/posts\/2831\/revisions\/2838"}],"wp:featuredmedia":[{"embeddable":true,"href":"http:\/\/www.cudecoop.coop\/cudecoop\/wp-json\/wp\/v2\/media\/2835"}],"wp:attachment":[{"href":"http:\/\/www.cudecoop.coop\/cudecoop\/wp-json\/wp\/v2\/media?parent=2831"}],"wp:term":[{"taxonomy":"category","embeddable":true,"href":"http:\/\/www.cudecoop.coop\/cudecoop\/wp-json\/wp\/v2\/categories?post=2831"},{"taxonomy":"post_tag","embeddable":true,"href":"http:\/\/www.cudecoop.coop\/cudecoop\/wp-json\/wp\/v2\/tags?post=2831"}],"curies":[{"name":"wp","href":"https:\/\/api.w.org\/{rel}","templated":true}]}}