{"id":2822,"date":"2019-09-09T16:57:42","date_gmt":"2019-09-09T16:57:42","guid":{"rendered":"http:\/\/www.cudecoop.coop\/cudecoop\/?p=2822"},"modified":"2019-11-25T19:15:30","modified_gmt":"2019-11-25T19:15:30","slug":"xxi-conferencia-regional-cooperativas-de-las-americas","status":"publish","type":"post","link":"http:\/\/www.cudecoop.coop\/cudecoop\/xxi-conferencia-regional-cooperativas-de-las-americas\/","title":{"rendered":"XXI Conferencia Regional Cooperativas de las Am\u00e9ricas"},"content":{"rendered":"<p>Invitamos a participar de la XXI Conferencia Regional de Cooperativas de las Am\u00e9ricas y del 50 Congreso Continental de Derecho Cooperativo, que se llevar\u00e1n a cabo seguidamente en San Jos\u00e9 Costa Rica del 18 al 20 de noviembre 2019 y del 20 al 22 de noviembre 2019.<\/p>\n<p>La XXI Conferencia dar\u00e1 a conocer los nuevos factores de cambio, impacto y sostenibilidad e incidencia pol\u00edtica para el sector cooperativo y se convertir\u00e1 en la mejor plataforma de contenidos para entender la volatilidad del mundo en el que estamos y c\u00f3mo aprovecharla en el sector cooperativo.<\/p>\n<p>Es un espacio que convoca a m\u00e1s de 1,000 asistentes de talla global con exponentes de alto perfil del mundo econ\u00f3mico y social global, a inspirar el liderazgo para el logro de los Objetivos de Desarrollo Sostenible. Presentaremos nuevos caminos para trabajar sobre la agenda 2030 y por el mundo que queremos, siendo actores econ\u00f3micos con impacto social y sostenible.<\/p>\n<p>La XXI Conferencia Regional de Cooperativas de las Ame\u0301ricas, se desarrollara\u0301 del 18 al 20 de Noviembre y sera\u0301 la oportunidad del an\u0303o para revelar los grandes aportes del sector cooperativo como agentes para el desarrollo, planteando un pensamiento cri\u0301tico desde todas nuestras plataformas de accio\u0301n y generar oportunidades de compromiso innovadoras en torno a los Objetivos de Desarrollo Sostenible de las Naciones Unidas y asi\u0301 celebrar el encuentro de li\u0301deres comprometidos con la innovacio\u0301n que nos visitan desde diferentes lugares del mundo.<\/p>\n<p>El 50 Congreso Continental de Derecho Cooperativo se desarrollara\u0301 en los d\u00edas a seguir: del 20 al 22 de noviembre en el Colegio de Abogados de Costa Rica y representa un hito histo\u0301rico para nuestra regi\u00f3n reafirmar las prioridades de incidencia y dialogo pol\u00edtico con nuestros Gobiernos nacionales y Organismos Internacionales.<\/p>\n<p>&nbsp;<\/p>\n<p>Ver aqu\u00ed el <a href=\"https:\/\/www.aciamericas.coop\/xxiconferencia\/programa\/\">PROGRAMA PRELIMINAR DE ACTIVIDADES<\/a><\/p>\n<p><img loading=\"lazy\" decoding=\"async\" class=\"alignnone size-medium wp-image-2823\" src=\"http:\/\/www.cudecoop.coop\/cudecoop\/wp-content\/uploads\/2019\/09\/flyer-236x300.jpg\" alt=\"\" width=\"236\" height=\"300\" srcset=\"http:\/\/www.cudecoop.coop\/cudecoop\/wp-content\/uploads\/2019\/09\/flyer-236x300.jpg 236w, http:\/\/www.cudecoop.coop\/cudecoop\/wp-content\/uploads\/2019\/09\/flyer-768x977.jpg 768w, http:\/\/www.cudecoop.coop\/cudecoop\/wp-content\/uploads\/2019\/09\/flyer-19x24.jpg 19w, http:\/\/www.cudecoop.coop\/cudecoop\/wp-content\/uploads\/2019\/09\/flyer-28x36.jpg 28w, http:\/\/www.cudecoop.coop\/cudecoop\/wp-content\/uploads\/2019\/09\/flyer-38x48.jpg 38w, http:\/\/www.cudecoop.coop\/cudecoop\/wp-content\/uploads\/2019\/09\/flyer.jpg 792w\" sizes=\"auto, (max-width: 236px) 100vw, 236px\" \/><\/p>\n","protected":false},"excerpt":{"rendered":"<p>Invitamos a participar de la XXI Conferencia Regional de Cooperativas de las Am\u00e9ricas y del 50 Congreso Continental de Derecho Cooperativo, que se llevar\u00e1n a cabo seguidamente en San Jos\u00e9 Costa Rica del 18 al 20 de noviembre 2019 y del 20 al 22 de noviembre 2019. La XXI Conferencia dar\u00e1 a conocer los nuevos factores de cambio, impacto y sostenibilidad e incidencia pol\u00edtica para el sector cooperativo y se convertir\u00e1 en la mejor plataforma de contenidos para entender la volatilidad del mundo en el que estamos y c\u00f3mo aprovecharla en el sector cooperativo. Es un espacio que convoca a [&#8230;]<\/p>\n","protected":false},"author":27,"featured_media":2829,"comment_status":"open","ping_status":"open","sticky":false,"template":"","format":"standard","meta":{"_acf_changed":false,"ngg_post_thumbnail":0,"footnotes":""},"categories":[7,6,1],"tags":[],"class_list":["post-2822","post","type-post","status-publish","format-standard","has-post-thumbnail","hentry","category-cooperativas","category-institucionales","category-noticias"],"acf":[],"_links":{"self":[{"href":"http:\/\/www.cudecoop.coop\/cudecoop\/wp-json\/wp\/v2\/posts\/2822","targetHints":{"allow":["GET"]}}],"collection":[{"href":"http:\/\/www.cudecoop.coop\/cudecoop\/wp-json\/wp\/v2\/posts"}],"about":[{"href":"http:\/\/www.cudecoop.coop\/cudecoop\/wp-json\/wp\/v2\/types\/post"}],"author":[{"embeddable":true,"href":"http:\/\/www.cudecoop.coop\/cudecoop\/wp-json\/wp\/v2\/users\/27"}],"replies":[{"embeddable":true,"href":"http:\/\/www.cudecoop.coop\/cudecoop\/wp-json\/wp\/v2\/comments?post=2822"}],"version-history":[{"count":5,"href":"http:\/\/www.cudecoop.coop\/cudecoop\/wp-json\/wp\/v2\/posts\/2822\/revisions"}],"predecessor-version":[{"id":2830,"href":"http:\/\/www.cudecoop.coop\/cudecoop\/wp-json\/wp\/v2\/posts\/2822\/revisions\/2830"}],"wp:featuredmedia":[{"embeddable":true,"href":"http:\/\/www.cudecoop.coop\/cudecoop\/wp-json\/wp\/v2\/media\/2829"}],"wp:attachment":[{"href":"http:\/\/www.cudecoop.coop\/cudecoop\/wp-json\/wp\/v2\/media?parent=2822"}],"wp:term":[{"taxonomy":"category","embeddable":true,"href":"http:\/\/www.cudecoop.coop\/cudecoop\/wp-json\/wp\/v2\/categories?post=2822"},{"taxonomy":"post_tag","embeddable":true,"href":"http:\/\/www.cudecoop.coop\/cudecoop\/wp-json\/wp\/v2\/tags?post=2822"}],"curies":[{"name":"wp","href":"https:\/\/api.w.org\/{rel}","templated":true}]}}