{"id":2818,"date":"2019-09-05T16:43:05","date_gmt":"2019-09-05T16:43:05","guid":{"rendered":"http:\/\/www.cudecoop.coop\/cudecoop\/?p=2818"},"modified":"2019-09-05T16:45:40","modified_gmt":"2019-09-05T16:45:40","slug":"se-realizo-la-asamblea-extraordinaria-en-cudecoop","status":"publish","type":"post","link":"http:\/\/www.cudecoop.coop\/cudecoop\/se-realizo-la-asamblea-extraordinaria-en-cudecoop\/","title":{"rendered":"Se realiz\u00f3 la Asamblea Extraordinaria en Cudecoop"},"content":{"rendered":"<p style=\"font-weight: 400;\">Tal como establece el&nbsp;Art\u00edculo 28 de los Estatutos de CUDECOOP <em>\u201cCorresponder\u00e1 a la Asamblea la selecci\u00f3n de los candidatos que se propongan al Poder Ejecutivo para integrar el Instituto Nacional del Cooperativismo y la fijaci\u00f3n de las orientaciones pol\u00edticas y estrat\u00e9gicas a las que deber\u00e1n sujetarse los delegados electos\u201d<\/em>&nbsp;se llev\u00f3 acabo martes 3 de setiembre una Asamblea Extraordinaria, para la elecci\u00f3n de dichos representantes.&nbsp;<\/p>\n<p>Se detalla a continuaci\u00f3n los nombres de las personas y el orden en que quedaron tras la votaci\u00f3n.&nbsp;<\/p>\n<p>En primer lugar: Sr. Julio Valdez<br \/>\nEn segundo lugar: Sr. Washington Collazo<br \/>\nEn tercer lugar: Sr. Alejandro Castiglia<br \/>\nEn cuarto lugar: Sr. Gustavo Cardozo<br \/>\nEn quinto lugar: Sr. Enrique Malcuori y Sr. Richard Silvera<\/p>\n<p>&nbsp;<\/p>\n<p><span style=\"font-size: 1rem;\"><br \/>\nAsimismo se\u00f1alamos que quienes queden como delegados del movimiento cooperativo ante INACOOP ser\u00e1n mandatados por el Consejo Directivo de CUDECOOP y por la Asamblea, se&nbsp;les demandar\u00e1 un activo involucramiento en la organizaci\u00f3n, participaci\u00f3n&nbsp;en todas las sesiones del Consejo Directivo de CUDECOOP as\u00ed como en todas las instancias en que sean requeridos para la coordinaci\u00f3n de la pol\u00edtica gremial y su desempe\u00f1o en el INACOOP.<\/span><\/p>\n<p style=\"font-weight: 400;\">&nbsp;<\/p>\n<p style=\"font-weight: 400;\"><strong><em>Art\u00edculo n\u00b0 194, de la Ley 18.407<\/em><\/strong><\/p>\n<p style=\"font-weight: 400;\">(<em>Direcci\u00f3n y administraci\u00f3n).- El Instituto Nacional del Cooperativismo (INACOOP) ser\u00e1 dirigido y administrado por un Directorio de cinco miembros, integrado por tres delegados del Poder Ejecutivo, uno de los cuales actuar\u00e1 en calidad de Presidente y otro en calidad de Vicepresidente, y dos delegados del sector cooperativo .Los delegados representantes del sector cooperativo ser\u00e1n designados por el Poder Ejecutivo a propuesta de la Confederaci\u00f3n Uruguaya de Entidades Cooperativas (CUDECOOP), de una n\u00f3mina de seis personas. El Poder Ejecutivo proceder\u00e1 a designar de oficio los representantes del sector cooperativo cuando no se hubiera formalizado la proposici\u00f3n de los delegados dentro del plazo de treinta d\u00edas desde su requerimiento.<\/em><\/p>\n<p style=\"font-weight: 400;\"><em>La compensaci\u00f3n por las actividades de los Directores ser\u00e1 determinada de acuerdo a la reglamentaci\u00f3n que dictar\u00e1 el Poder Ejecutivo. La duraci\u00f3n del mandato de los miembros del Directorio ser\u00e1 de dos a\u00f1os, pudiendo ser reelectos por dos per\u00edodos m\u00e1s. Los delegados del Poder Ejecutivo podr\u00e1n ser sustituidos de oficio y los delegados del sector cooperativo a iniciativa de la entidad proponente y, en ambos casos, con expresi\u00f3n de la causa que motiva la medida.<\/em><\/p>\n<p style=\"font-weight: 400;\"><em>Cada miembro del INACOOP tendr\u00e1 su correspondiente alterno que ser\u00e1 designado por el Poder Ejecutivo. La reglamentaci\u00f3n determinar\u00e1 el r\u00e9gimen de suplencias a aplicarse. Los miembros salientes permanecer\u00e1n en sus funciones hasta que asuman los nuevos miembros designados.<\/em><\/p>\n","protected":false},"excerpt":{"rendered":"<p>Tal como establece el&nbsp;Art\u00edculo 28 de los Estatutos de CUDECOOP \u201cCorresponder\u00e1 a la Asamblea la selecci\u00f3n de los candidatos que se propongan al Poder Ejecutivo para integrar el Instituto Nacional del Cooperativismo y la fijaci\u00f3n de las orientaciones pol\u00edticas y estrat\u00e9gicas a las que deber\u00e1n sujetarse los delegados electos\u201d&nbsp;se llev\u00f3 acabo martes 3 de setiembre una Asamblea Extraordinaria, para la elecci\u00f3n de dichos representantes.&nbsp; Se detalla a continuaci\u00f3n los nombres de las personas y el orden en que quedaron tras la votaci\u00f3n.&nbsp; En primer lugar: Sr. Julio Valdez<br \/> En segundo lugar: Sr. Washington Collazo<br \/> En tercer lugar: Sr. [&#8230;]<\/p>\n","protected":false},"author":27,"featured_media":2821,"comment_status":"open","ping_status":"open","sticky":false,"template":"","format":"standard","meta":{"_acf_changed":false,"ngg_post_thumbnail":0,"footnotes":""},"categories":[7,6,1],"tags":[],"class_list":["post-2818","post","type-post","status-publish","format-standard","has-post-thumbnail","hentry","category-cooperativas","category-institucionales","category-noticias"],"acf":[],"_links":{"self":[{"href":"http:\/\/www.cudecoop.coop\/cudecoop\/wp-json\/wp\/v2\/posts\/2818","targetHints":{"allow":["GET"]}}],"collection":[{"href":"http:\/\/www.cudecoop.coop\/cudecoop\/wp-json\/wp\/v2\/posts"}],"about":[{"href":"http:\/\/www.cudecoop.coop\/cudecoop\/wp-json\/wp\/v2\/types\/post"}],"author":[{"embeddable":true,"href":"http:\/\/www.cudecoop.coop\/cudecoop\/wp-json\/wp\/v2\/users\/27"}],"replies":[{"embeddable":true,"href":"http:\/\/www.cudecoop.coop\/cudecoop\/wp-json\/wp\/v2\/comments?post=2818"}],"version-history":[{"count":1,"href":"http:\/\/www.cudecoop.coop\/cudecoop\/wp-json\/wp\/v2\/posts\/2818\/revisions"}],"predecessor-version":[{"id":2820,"href":"http:\/\/www.cudecoop.coop\/cudecoop\/wp-json\/wp\/v2\/posts\/2818\/revisions\/2820"}],"wp:featuredmedia":[{"embeddable":true,"href":"http:\/\/www.cudecoop.coop\/cudecoop\/wp-json\/wp\/v2\/media\/2821"}],"wp:attachment":[{"href":"http:\/\/www.cudecoop.coop\/cudecoop\/wp-json\/wp\/v2\/media?parent=2818"}],"wp:term":[{"taxonomy":"category","embeddable":true,"href":"http:\/\/www.cudecoop.coop\/cudecoop\/wp-json\/wp\/v2\/categories?post=2818"},{"taxonomy":"post_tag","embeddable":true,"href":"http:\/\/www.cudecoop.coop\/cudecoop\/wp-json\/wp\/v2\/tags?post=2818"}],"curies":[{"name":"wp","href":"https:\/\/api.w.org\/{rel}","templated":true}]}}