{"id":2803,"date":"2019-08-30T20:07:41","date_gmt":"2019-08-30T20:07:41","guid":{"rendered":"http:\/\/www.cudecoop.coop\/cudecoop\/?p=2803"},"modified":"2019-09-03T16:35:44","modified_gmt":"2019-09-03T16:35:44","slug":"convocatoria-a-presentacion-de-experiencias","status":"publish","type":"post","link":"http:\/\/www.cudecoop.coop\/cudecoop\/convocatoria-a-presentacion-de-experiencias\/","title":{"rendered":"Convocatoria a presentaci\u00f3n de experiencias"},"content":{"rendered":"<p>Este a\u00f1o, en el marco de Canelones Capital del cooperativismo, se realizar\u00e1 el&nbsp;Encuentro de cooperativismo y econom\u00eda social y solidaria: Econom\u00edas Transformadoras, Territorios Diversos.&nbsp;<\/p>\n<p>Para dicha actividad las organizaciones convocan a cooperativas; emprendimientos de la econom\u00eda solidaria; estudiantes en el marco de pr\u00e1cticas vinculadas al sector; y organizaciones a presentar sus experiencias en lo que tiene que ver con los ejes del evento. Detallamos los mismos a continuaci\u00f3n: Mercado social; G\u00e9nero y generaciones; Cooperativismo, educaci\u00f3n y promoci\u00f3n; Intercooperaci\u00f3n y territorio.<\/p>\n<p>El plazo para realizar las postulaciones es del 2 al 22 de setiembre, a trav\u00e9s del formulario online.<\/p>\n<p>Dichas experiencias ser\u00e1n evaluadas por un jurado integrado por las organizaciones, y en caso de ser seleccionada se le anunciar\u00e1 el d\u00eda 27 de setiembre.<\/p>\n<p>Los casos seleccionados deber\u00e1n presentarse oralmente en el Encuentro. E<span lang=\"ES\" style=\"font-family: 'Arial',sans-serif; color: black;\">l tiempo de exposici\u00f3n para cada experiencia es de 10 minutos y la misma puede ser apoyada con material audiovisual.<\/span><\/p>\n<p>En el formulario de inscripci\u00f3n se plantean las siguientes preguntas para dar cuenta sobre la experiencia:&nbsp;<\/p>\n<p>Eje al cual se presenta:<\/p>\n<p>T\u00edtulo de la experiencia a presentar:&nbsp;<\/p>\n<p>C\u00f3mo y en qu\u00e9 contexto surge la experiencia propuesta:&nbsp;<\/p>\n<p>Qu\u00e9 oportunidades tuvo:&nbsp;<\/p>\n<p>Cu\u00e1les fueron las dificultades:&nbsp;<\/p>\n<p>Hacia d\u00f3nde se proyecta actualmente la experiencia:&nbsp;<\/p>\n<p>&nbsp;<\/p>\n<p><a href=\"https:\/\/docs.google.com\/forms\/d\/e\/1FAIpQLScbAJ-4K_4QQ5IuSTs8H-aULGyFZqqLdwMXmMu2TCMPKVQNsA\/viewform?usp=sf_link\">Dejamos aqu\u00ed el formulario de inscripci\u00f3n<\/a><\/p>\n<p>&nbsp;<\/p>\n<p><strong>Organizan:&nbsp;<\/strong><\/p>\n<p>CUDECOOP &#8211; INACOOP &#8211; UNIDAD DE DESARROLLO COOPERATIVO Y APOYO A LA ECONOM\u00cdA SOCIAL DEL GOBIERNO DE CANELONES.<\/p>\n","protected":false},"excerpt":{"rendered":"<p>Este a\u00f1o, en el marco de Canelones Capital del cooperativismo, se realizar\u00e1 el&nbsp;Encuentro de cooperativismo y econom\u00eda social y solidaria: Econom\u00edas Transformadoras, Territorios Diversos.&nbsp; Para dicha actividad las organizaciones convocan a cooperativas; emprendimientos de la econom\u00eda solidaria; estudiantes en el marco de pr\u00e1cticas vinculadas al sector; y organizaciones a presentar sus experiencias en lo que tiene que ver con los ejes del evento. Detallamos los mismos a continuaci\u00f3n: Mercado social; G\u00e9nero y generaciones; Cooperativismo, educaci\u00f3n y promoci\u00f3n; Intercooperaci\u00f3n y territorio. El plazo para realizar las postulaciones es del 2 al 22 de setiembre, a trav\u00e9s del formulario online. Dichas experiencias [&#8230;]<\/p>\n","protected":false},"author":27,"featured_media":0,"comment_status":"open","ping_status":"open","sticky":false,"template":"","format":"standard","meta":{"_acf_changed":false,"ngg_post_thumbnail":0,"footnotes":""},"categories":[7,6,1],"tags":[],"class_list":["post-2803","post","type-post","status-publish","format-standard","hentry","category-cooperativas","category-institucionales","category-noticias"],"acf":[],"_links":{"self":[{"href":"http:\/\/www.cudecoop.coop\/cudecoop\/wp-json\/wp\/v2\/posts\/2803","targetHints":{"allow":["GET"]}}],"collection":[{"href":"http:\/\/www.cudecoop.coop\/cudecoop\/wp-json\/wp\/v2\/posts"}],"about":[{"href":"http:\/\/www.cudecoop.coop\/cudecoop\/wp-json\/wp\/v2\/types\/post"}],"author":[{"embeddable":true,"href":"http:\/\/www.cudecoop.coop\/cudecoop\/wp-json\/wp\/v2\/users\/27"}],"replies":[{"embeddable":true,"href":"http:\/\/www.cudecoop.coop\/cudecoop\/wp-json\/wp\/v2\/comments?post=2803"}],"version-history":[{"count":2,"href":"http:\/\/www.cudecoop.coop\/cudecoop\/wp-json\/wp\/v2\/posts\/2803\/revisions"}],"predecessor-version":[{"id":2805,"href":"http:\/\/www.cudecoop.coop\/cudecoop\/wp-json\/wp\/v2\/posts\/2803\/revisions\/2805"}],"wp:attachment":[{"href":"http:\/\/www.cudecoop.coop\/cudecoop\/wp-json\/wp\/v2\/media?parent=2803"}],"wp:term":[{"taxonomy":"category","embeddable":true,"href":"http:\/\/www.cudecoop.coop\/cudecoop\/wp-json\/wp\/v2\/categories?post=2803"},{"taxonomy":"post_tag","embeddable":true,"href":"http:\/\/www.cudecoop.coop\/cudecoop\/wp-json\/wp\/v2\/tags?post=2803"}],"curies":[{"name":"wp","href":"https:\/\/api.w.org\/{rel}","templated":true}]}}