{"id":2798,"date":"2019-08-30T19:23:31","date_gmt":"2019-08-30T19:23:31","guid":{"rendered":"http:\/\/www.cudecoop.coop\/cudecoop\/?p=2798"},"modified":"2019-08-30T19:23:31","modified_gmt":"2019-08-30T19:23:31","slug":"hoy-podemos-fortalecer-las-organizaciones-a-partir-de-los-principios-y-valores-cooperativos","status":"publish","type":"post","link":"http:\/\/www.cudecoop.coop\/cudecoop\/hoy-podemos-fortalecer-las-organizaciones-a-partir-de-los-principios-y-valores-cooperativos\/","title":{"rendered":"&#8220;Hoy podemos fortalecer las organizaciones a partir de los principios y valores cooperativos&#8221;"},"content":{"rendered":"<p>Nuestra Presidenta, Graciela Fern\u00e1ndez, particip\u00f3 del lanzamiento del Decenio de la Agricultura Familiar 2019\/2028, realizado en Rep\u00fablica Dominicana entre los d\u00edas 25 y 27 de agosto de 2019. El foco del espacio estuvo puesto en la contribuci\u00f3n y diversidad de la Agricultura familiar a los Objetivos para el Desarrollo Sostenible.&nbsp;<\/p>\n<p>En su exposici\u00f3n destac\u00f3 el compromiso del cooperativismo americano con la Agricultura Familiar, a partir de la Declaraci\u00f3n final de la V Cumbre Cooperativa de las Am\u00e9ricas, donde en sus conclusiones se plantea el apoyo a la Agricultura Familia &#8220;a trav\u00e9s de las redes solidarias en que est\u00e9 presente&nbsp;donde est\u00e9 presente la uni\u00f3n del cooperativismo agr\u00edcola, la red adem\u00e1s de los consumidores, redes con otras organizaciones sociales que representen a la agricultura familiar, expresiones de la econom\u00eda social y solidaria donde se puedan cumplir los Objetivos para el Desarrollo Sostenible&#8221; mencion\u00f3 Fern\u00e1ndez el responder la pregunta&nbsp;\u00bfCu\u00e1les son los planes nacionales que necesitamos para lograr una agricultura nacional del siglo XXI?<a href=\"http:\/\/www.cudecoop.coop\/cudecoop\/declaracion-final-de-la-v-cumbre-cooperativa-de-las-americas\/\">Aqu\u00ed puede ver la declaraci\u00f3n de la Cumbre.<\/a><\/p>\n<p>Continu\u00f3 haciendo menci\u00f3n a que&nbsp;la cooperaci\u00f3n utilizada hoy en el discurso de nivel internacional en las organizaciones intergubernamentales forma parte del ADN cooperativo, y que por lo tanto se entiende que es necesario el desarrollo a trav\u00e9s de los territorios de pol\u00edticas p\u00fablicas que tengan en cuenta las 5 claves planteadas en la Conferencia y en la inauguraci\u00f3n por Julio Berdegu\u00e9,&nbsp; &#8220;pero adem\u00e1s que atraviese esas pol\u00edticas en todos los sectores de las pol\u00edticas p\u00fablicas, no solo en ministerios espec\u00edficos; que se lleve a territorio en lo local; que se tenga en cuenta adem\u00e1s que el cooperativismo, lo organizativo, lo asociativo, es el veh\u00edculo que podr\u00e1 conducir a un desarrollo econ\u00f3mico, a una presencia en los mercados y a lograr eso clave de intercooperaci\u00f3n no solo en las cooperativas de base de territorio sino lograr corporaciones cooperativas que tengan incidencia a nivel nacional e internacional,&#8221; mencion\u00f3.&nbsp;<\/p>\n<p>Concluy\u00f3 la exposici\u00f3n diciendo que el cooperativismo ha demostrado que es un actor hist\u00f3rico, celebrando en 2018 acuerdos sobre este tema con FAO el Memorandum de Entendimiento y con FIDA en Buenos Aires, programas que ponen como veh\u00edculo clave para el desarrollo econ\u00f3mico y social en territorio de las organizaciones cooperativas, organizaciones que tienen la doble caracter\u00edstica: empresarial, desarrollo econ\u00f3mico, veh\u00edculo que transporta hacia resultados econ\u00f3micos pero adem\u00e1s asociativismo con los principios y valores de crear resultados sociales, inclusi\u00f3n social, bajo los principios de ayuda mutua, solidaridad y principios democr\u00e1ticos.<\/p>\n<p>Destac\u00f3 que &#8220;creemos haber demostrado que tenemos y estamos informados y preparados para avanzar en el desarrollo tecnol\u00f3gico. La era de la digitalizaci\u00f3n est\u00e1 ah\u00ed, es un click.&nbsp;Hemos demostrado adem\u00e1s la defensa en el compromiso asumido en la V Cumbre del planeta con el tema de la biodiversidad entendiendo que es una oportunidad para la agricultura familiar, oportunidad porque son quienes conocen su territorio, conocen ancestralmente c\u00f3mo y han sido reconocido por el ambiente ambientalista para llevar adelante la defensa del planeta en este tema.&nbsp;Creemos&nbsp; que tenemos la posibilidad de desarrollar el apoyo de pol\u00edticas p\u00fablicas con la formalizaci\u00f3n en organizaciones y asociativismo bajo los principios y valores cooperativos.&#8221;&nbsp;<\/p>\n<p>&nbsp;<\/p>\n<p>&nbsp;<\/p>\n<p>&nbsp;<\/p>\n<p>&nbsp;<\/p>\n","protected":false},"excerpt":{"rendered":"<p>Nuestra Presidenta, Graciela Fern\u00e1ndez, particip\u00f3 del lanzamiento del Decenio de la Agricultura Familiar 2019\/2028, realizado en Rep\u00fablica Dominicana entre los d\u00edas 25 y 27 de agosto de 2019. El foco del espacio estuvo puesto en la contribuci\u00f3n y diversidad de la Agricultura familiar a los Objetivos para el Desarrollo Sostenible.&nbsp; En su exposici\u00f3n destac\u00f3 el compromiso del cooperativismo americano con la Agricultura Familiar, a partir de la Declaraci\u00f3n final de la V Cumbre Cooperativa de las Am\u00e9ricas, donde en sus conclusiones se plantea el apoyo a la Agricultura Familia &#8220;a trav\u00e9s de las redes solidarias en que est\u00e9 presente&nbsp;donde est\u00e9 [&#8230;]<\/p>\n","protected":false},"author":27,"featured_media":2801,"comment_status":"open","ping_status":"open","sticky":false,"template":"","format":"standard","meta":{"_acf_changed":false,"ngg_post_thumbnail":0,"footnotes":""},"categories":[7,6,1],"tags":[],"class_list":["post-2798","post","type-post","status-publish","format-standard","has-post-thumbnail","hentry","category-cooperativas","category-institucionales","category-noticias"],"acf":[],"_links":{"self":[{"href":"http:\/\/www.cudecoop.coop\/cudecoop\/wp-json\/wp\/v2\/posts\/2798","targetHints":{"allow":["GET"]}}],"collection":[{"href":"http:\/\/www.cudecoop.coop\/cudecoop\/wp-json\/wp\/v2\/posts"}],"about":[{"href":"http:\/\/www.cudecoop.coop\/cudecoop\/wp-json\/wp\/v2\/types\/post"}],"author":[{"embeddable":true,"href":"http:\/\/www.cudecoop.coop\/cudecoop\/wp-json\/wp\/v2\/users\/27"}],"replies":[{"embeddable":true,"href":"http:\/\/www.cudecoop.coop\/cudecoop\/wp-json\/wp\/v2\/comments?post=2798"}],"version-history":[{"count":2,"href":"http:\/\/www.cudecoop.coop\/cudecoop\/wp-json\/wp\/v2\/posts\/2798\/revisions"}],"predecessor-version":[{"id":2802,"href":"http:\/\/www.cudecoop.coop\/cudecoop\/wp-json\/wp\/v2\/posts\/2798\/revisions\/2802"}],"wp:featuredmedia":[{"embeddable":true,"href":"http:\/\/www.cudecoop.coop\/cudecoop\/wp-json\/wp\/v2\/media\/2801"}],"wp:attachment":[{"href":"http:\/\/www.cudecoop.coop\/cudecoop\/wp-json\/wp\/v2\/media?parent=2798"}],"wp:term":[{"taxonomy":"category","embeddable":true,"href":"http:\/\/www.cudecoop.coop\/cudecoop\/wp-json\/wp\/v2\/categories?post=2798"},{"taxonomy":"post_tag","embeddable":true,"href":"http:\/\/www.cudecoop.coop\/cudecoop\/wp-json\/wp\/v2\/tags?post=2798"}],"curies":[{"name":"wp","href":"https:\/\/api.w.org\/{rel}","templated":true}]}}