{"id":2796,"date":"2019-09-02T16:51:46","date_gmt":"2019-09-02T16:51:46","guid":{"rendered":"http:\/\/www.cudecoop.coop\/cudecoop\/?p=2796"},"modified":"2019-10-07T19:38:50","modified_gmt":"2019-10-07T19:38:50","slug":"economias-transformadoras-territorios-diversos","status":"publish","type":"post","link":"http:\/\/www.cudecoop.coop\/cudecoop\/economias-transformadoras-territorios-diversos\/","title":{"rendered":"Econom\u00edas transformadoras, territorios diversos"},"content":{"rendered":"<p>Este a\u00f1o, en el marco de <strong>Canelones Capital del cooperativismo<\/strong>, se realizar\u00e1 el&nbsp;Encuentro de cooperativismo y econom\u00eda social y solidaria: Econom\u00edas Transformadoras, Territorios Diversos. El s\u00e1bado 5 de octubre, en el CERP de Atl\u00e1ntida, Canelones de 8:30 a 16 h.<\/p>\n<p>Entendiendo los encuentros con otras personas como momentos imprescindibles de apertura y crecimiento para participantes, instituciones y emprendimientos, es que el Gobierno Canelones, Cudecoop e Inacoop, convocan a un nuevo \u201cEncuentro de cooperativismo y de la Econom\u00eda Social y Solidaria\u201d: <strong>Econom\u00edas Transformadoras Territorios Diversos, <\/strong>buscando reflexionar sobre la importancia de la intercooperaci\u00f3n, la generaci\u00f3n de redes de comercializaci\u00f3n, de solidaridad y posibilidades de la complementariedad como estrategia.<\/p>\n<p>En esta oportunidad, convocamos a organizaciones, emprendimientos e instituciones de todo el pa\u00eds a participar de este evento.<\/p>\n<p><strong>OBJETIVOS:&nbsp;<\/strong>Promover la participaci\u00f3n de los distintos actores y&nbsp;organizaciones que trabajan en el marco de los valores cooperativos y de la Econom\u00eda Social y Solidaria, para reflexionar acerca de los principales desaf\u00edos del sector.&nbsp;Contribuir al fortalecimiento de los emprendimientos, promoviendo el intercambio y visibilizando las distintas experiencias.<\/p>\n<p><a href=\"https:\/\/docs.google.com\/forms\/d\/e\/1FAIpQLScgzufnXp0EqRFBnmHvQNmN5tB-oeOrHY4Q9YQDA7JtV25htQ\/viewform?usp=sf_link\">INSCRIPCIONES PARA PARTICIPAR AQU\u00cd<\/a><\/p>\n<p><strong>Partiendo de Montevideo saldr\u00e1 un \u00f3mnibus de UCOT a las 7:00 am desde Goes y Avecedo D\u00edaz (Tres Cruces), por inscripciones escribir a proregio@cudecoop.coop detallando nombre, organizaci\u00f3n y contacto.<\/strong><\/p>\n<p><strong>Los ejes que se trabajar\u00e1n son:<\/strong><strong>&nbsp;<\/strong><\/p>\n<p><strong>1- Mercado social.&nbsp;<\/strong>Es relevante destacar al consumo responsable como la posibilidad de replantearnos nuestras necesidades y la forma en la cual las satisfacemos. Busca visibilizar el proceso de producci\u00f3n, distribuci\u00f3n y venta, haciendo manifiesto la importancia de los v\u00ednculos de respeto y ampliaci\u00f3n de los derechos de las personas y la sostenibilidad y sustentabilidad ambiental.&nbsp;<\/p>\n<p>En la mirada m\u00e1s tradicional el consumo, est\u00e1 determinado por las ofertas del mercado y es a partir de ellas que se establecen las preferencias del consumidor. Es as\u00ed que la calidad, la manera del consumo y su precio es determinado por un conjunto de agentes que median entre los productores de los bienes y servicios y los consumidores.<\/p>\n<p>\u00bfQu\u00e9 motiva nuestras pr\u00e1cticas de consumo?<\/p>\n<p>Formas colectivas de consumo &#8211; TICS y Consumo &#8211; Mercados de cercan\u00edas y territorio &#8211; Software Libre &#8211; reciclaje y re utilizaci\u00f3n.<\/p>\n<p><strong>2- G\u00e9nero y generaciones.&nbsp;<\/strong>La equidad ha sido hist\u00f3ricamente uno de los valores fundantes del cooperativismo, que atraviesa todos los principios que lo rigen y se convierte as\u00ed en un pilar fundamental para el desarrollo del movimiento cooperativo. En este sentido, el cooperativismo viene trabajando para promover y estimular la transversalizaci\u00f3n de la perspectiva de g\u00e9nero y generaciones en los diversos espacios que lo componen, incorporando el camino hacia la igualdad de g\u00e9nero como un eje central en el accionar del cooperativismo nacional y local.<\/p>\n<p>Desde el movimiento cooperativo se presentan en las \u201cPropuestas program\u00e1ticas a los partidos pol\u00edticos\u201d se plantea:<\/p>\n<p>a- Incorporar la perspectiva de g\u00e9nero y generaciones en los procesos formativos cooperativos, tanto desde las pol\u00edticas de promoci\u00f3n gubernamentales como desde las que genere el propio movimiento.<\/p>\n<p>b- Establecer en los&nbsp;marcos jur\u00eddicos la perspectiva de g\u00e9nero y generaciones, buscando la incorporaci\u00f3n de acciones afirmativas que garanticen igualdad de condiciones y oportunidades en los espacios de toma de decisiones de las cooperativas y de otras estructuras del sector. Incorporar un lenguaje g\u00e9nero sensitivo en los marcos legales y sus reglamentos adyacentes.&nbsp;<\/p>\n<p>c &#8211; Establecer mecanismos que garanticen la participaci\u00f3n econ\u00f3mica en igualdad de condiciones. En este marco, promover mecanismos que garanticen el acceso y facilidades en la generaci\u00f3n de emprendimientos cooperativos liderados por mujeres.&nbsp;<\/p>\n<p>d- Avanzar en la reglamentaci\u00f3n sobre las situaciones de acoso y violencia basada en g\u00e9nero, en cumplimiento de los compromisos asumidos por el Estado Uruguayo<\/p>\n<p>e &#8211; Consolidar la cotitularidad de los c\u00f3nyuges o concubinos asociados a cooperativas donde el emprendimiento cooperativo tenga directa relaci\u00f3n con la habitaci\u00f3n familiar, particularmente en los casos de vivienda y agricultura familiar;<\/p>\n<p>f- Incorporar procesos de evaluaci\u00f3n y seguimiento sistematizado con perspectiva de g\u00e9nero sobre la definici\u00f3n e implementaci\u00f3n de pol\u00edticas p\u00fablicas y otros formatos de intervenci\u00f3n en el corto, mediano y largo plazo.&nbsp;<strong>&nbsp;<\/strong><\/p>\n<p><strong>3- Econom\u00eda social y solidaria y Cooperativismo, educaci\u00f3n y promoci\u00f3n.&nbsp;<\/strong>Las organizaciones de la Econom\u00eda Social y Solidaria en general y el Cooperativismo en particular, buscan la mejora de la calidad de vida de las personas. Esto se traduce&nbsp;d\u00eda a d\u00eda en objetivos que trascienden al meramente econ\u00f3mico, como se observa en otras formas de organizaci\u00f3n.&nbsp;&nbsp;<\/p>\n<p>La educaci\u00f3n, es un pilar fundamental para ese desarrollo integral del sujeto cooperativo y del sujeto solidario. Educaci\u00f3n para la reflexi\u00f3n, educaci\u00f3n para el intercambio, educaci\u00f3n para pensar-nos.<\/p>\n<p>La educaci\u00f3n adem\u00e1s permite, no solo potenciar al individuo a la interna de las organizaciones y del movimiento, sino tambi\u00e9n proyectarlo a la comunidad, mostrar lo que hace el movimiento, difundir los valores y principios cooperativo, continuar creciendo.&nbsp;<\/p>\n<p>Un buen punto de partida es el 5o. Principio Cooperativo, de Educaci\u00f3n, Formaci\u00f3n e Informaci\u00f3n, consagrado por la Alianza Cooperativa Internacional en Manchester 1995. All\u00ed se expresa:<\/p>\n<p>Las cooperativas ofrecen educaci\u00f3n y formaci\u00f3n a sus miembros, representantes electos, administradores y empleados para que puedan contribuir con eficacia al desarrollo de la cooperativa. Asimismo, informan al p\u00fablico en general, en especial a los j\u00f3venes y a los l\u00edderes de opini\u00f3n, sobre el car\u00e1cter y las ventajas de la cooperaci\u00f3n.&nbsp;<\/p>\n<p>Las\/os invitamos a presentar aquellas experiencias de vuestras organizaciones que&nbsp;muestren c\u00f3mo educar para\/en\/con\/desde la Econom\u00eda Social y Solidaria y el Cooperativismo!<\/p>\n<p><strong>4- Intercooperaci\u00f3n y territorio.&nbsp;<\/strong>En el 4to Encuentro Nacional de Cooperativas organizado por CUDECOOP en Montevideo en 2018 qued\u00f3 establecido como hoja de ruta continuar con el desaf\u00edo de participar cada vez m\u00e1s las cooperativas de todas las clases en el trabajo sostenido de la Intercooperaci\u00f3n a nivel departamental, regional y nacional.<\/p>\n<p>Desde este desaf\u00edo es que compartimos espacios con las pol\u00edticas p\u00fablicas que promueven la intercooperaci\u00f3n e internacionalizaci\u00f3n. Uruguay XXI mostr\u00f3 herramientas viables para las cooperativas dentro de un proceso de aprendizaje de internacionalizaci\u00f3n como forma viable de desarrollo. La diversidad de territorios donde se encuentran las MESAS INTERCOOPERATIVAS es donde se ponen en escena los desaf\u00edos y las oportunidades que esta revoluci\u00f3n actual acerca.<\/p>\n<p>Es as\u00ed que se pretende identificar la diversidad de experiencias de la Econom\u00eda social y solidaria y del cooperativismo, que transforman y dinamizan los territorios, a partir de las caracter\u00edsticas de distintas regiones.&nbsp;<\/p>\n<p>Las experiencias compartidas y las buenas pr\u00e1cticas son el camino recorrido que sigue aportando y apostando al fortalecimiento colectivo dentro de las Econom\u00edas Transformadoras<strong>&nbsp;<\/strong><\/p>\n<p><strong>Por dudas o consultas se puede comunicar a: <\/strong><a href=\"mailto:economiastransformadorascoop@gmail.com\">economiastransformadorascoop@gmail.com<\/a><\/p>\n<p><strong>REFERENCIAS PARA LLEGAR AL CERP &#8211;&nbsp;F.Garc\u00eda Lorca entre Pastor\u00ed y Goya &#8211;&nbsp;Barrio Espa\u00f1ol. Atl\u00e1ntida Norte.<\/strong><\/p>\n<p><img loading=\"lazy\" decoding=\"async\" class=\"alignnone wp-image-2862 size-full\" src=\"http:\/\/www.cudecoop.coop\/cudecoop\/wp-content\/uploads\/2019\/09\/CERP.jpg\" alt=\"\" width=\"1250\" height=\"785\" srcset=\"http:\/\/www.cudecoop.coop\/cudecoop\/wp-content\/uploads\/2019\/09\/CERP.jpg 1250w, http:\/\/www.cudecoop.coop\/cudecoop\/wp-content\/uploads\/2019\/09\/CERP-300x188.jpg 300w, http:\/\/www.cudecoop.coop\/cudecoop\/wp-content\/uploads\/2019\/09\/CERP-768x482.jpg 768w, http:\/\/www.cudecoop.coop\/cudecoop\/wp-content\/uploads\/2019\/09\/CERP-1024x643.jpg 1024w, http:\/\/www.cudecoop.coop\/cudecoop\/wp-content\/uploads\/2019\/09\/CERP-24x15.jpg 24w, http:\/\/www.cudecoop.coop\/cudecoop\/wp-content\/uploads\/2019\/09\/CERP-36x23.jpg 36w, http:\/\/www.cudecoop.coop\/cudecoop\/wp-content\/uploads\/2019\/09\/CERP-48x30.jpg 48w\" sizes=\"auto, (max-width: 767px) 89vw, (max-width: 1000px) 54vw, (max-width: 1071px) 543px, 580px\" \/><\/p>\n<p>&nbsp;<\/p>\n","protected":false},"excerpt":{"rendered":"<p>Este a\u00f1o, en el marco de Canelones Capital del cooperativismo, se realizar\u00e1 el&nbsp;Encuentro de cooperativismo y econom\u00eda social y solidaria: Econom\u00edas Transformadoras, Territorios Diversos. El s\u00e1bado 5 de octubre, en el CERP de Atl\u00e1ntida, Canelones de 8:30 a 16 h. Entendiendo los encuentros con otras personas como momentos imprescindibles de apertura y crecimiento para participantes, instituciones y emprendimientos, es que el Gobierno Canelones, Cudecoop e Inacoop, convocan a un nuevo \u201cEncuentro de cooperativismo y de la Econom\u00eda Social y Solidaria\u201d: Econom\u00edas Transformadoras Territorios Diversos, buscando reflexionar sobre la importancia de la intercooperaci\u00f3n, la generaci\u00f3n de redes de comercializaci\u00f3n, de solidaridad [&#8230;]<\/p>\n","protected":false},"author":27,"featured_media":2861,"comment_status":"open","ping_status":"open","sticky":false,"template":"","format":"standard","meta":{"_acf_changed":false,"ngg_post_thumbnail":0,"footnotes":""},"categories":[7,6,1],"tags":[],"class_list":["post-2796","post","type-post","status-publish","format-standard","has-post-thumbnail","hentry","category-cooperativas","category-institucionales","category-noticias"],"acf":[],"_links":{"self":[{"href":"http:\/\/www.cudecoop.coop\/cudecoop\/wp-json\/wp\/v2\/posts\/2796","targetHints":{"allow":["GET"]}}],"collection":[{"href":"http:\/\/www.cudecoop.coop\/cudecoop\/wp-json\/wp\/v2\/posts"}],"about":[{"href":"http:\/\/www.cudecoop.coop\/cudecoop\/wp-json\/wp\/v2\/types\/post"}],"author":[{"embeddable":true,"href":"http:\/\/www.cudecoop.coop\/cudecoop\/wp-json\/wp\/v2\/users\/27"}],"replies":[{"embeddable":true,"href":"http:\/\/www.cudecoop.coop\/cudecoop\/wp-json\/wp\/v2\/comments?post=2796"}],"version-history":[{"count":10,"href":"http:\/\/www.cudecoop.coop\/cudecoop\/wp-json\/wp\/v2\/posts\/2796\/revisions"}],"predecessor-version":[{"id":2864,"href":"http:\/\/www.cudecoop.coop\/cudecoop\/wp-json\/wp\/v2\/posts\/2796\/revisions\/2864"}],"wp:featuredmedia":[{"embeddable":true,"href":"http:\/\/www.cudecoop.coop\/cudecoop\/wp-json\/wp\/v2\/media\/2861"}],"wp:attachment":[{"href":"http:\/\/www.cudecoop.coop\/cudecoop\/wp-json\/wp\/v2\/media?parent=2796"}],"wp:term":[{"taxonomy":"category","embeddable":true,"href":"http:\/\/www.cudecoop.coop\/cudecoop\/wp-json\/wp\/v2\/categories?post=2796"},{"taxonomy":"post_tag","embeddable":true,"href":"http:\/\/www.cudecoop.coop\/cudecoop\/wp-json\/wp\/v2\/tags?post=2796"}],"curies":[{"name":"wp","href":"https:\/\/api.w.org\/{rel}","templated":true}]}}