{"id":2783,"date":"2019-08-13T21:03:49","date_gmt":"2019-08-13T21:03:49","guid":{"rendered":"http:\/\/www.cudecoop.coop\/cudecoop\/?p=2783"},"modified":"2019-08-13T21:03:49","modified_gmt":"2019-08-13T21:03:49","slug":"llamado-a-asamblea-general-ordinaria-3","status":"publish","type":"post","link":"http:\/\/www.cudecoop.coop\/cudecoop\/llamado-a-asamblea-general-ordinaria-3\/","title":{"rendered":"Llamado a Asamblea General Ordinaria"},"content":{"rendered":"<p style=\"font-weight: 400;\">El Consejo Directivo de la Confederaci\u00f3n Uruguaya de Entidades Cooperativas en su sesi\u00f3n del pasado martes 6 de agosto, cumpliendo con los art\u00edculos 28 y 30 de sus estatutos, resolvi\u00f3 convocar a sus asociados a &nbsp;una Asamblea General Extraordinaria a realizarse el d\u00eda 3 de setiembre de 2019 en la Sede de CUDECOOP ubicada en Av. 18 de Julio 948 oficina 502, Montevideo.<\/p>\n<p style=\"font-weight: 400;\">&nbsp;<\/p>\n<p style=\"font-weight: 400;\">1\u00aa Convocatoria \u2013 hora 17:00<\/p>\n<p style=\"font-weight: 400;\">&nbsp;<\/p>\n<p style=\"font-weight: 400;\">2\u00aa Convocatoria \u2013 hora 17:30<\/p>\n<p style=\"font-weight: 400;\">&nbsp;<\/p>\n<p style=\"font-weight: 400;\"><strong>Orden del D\u00eda:<\/strong><\/p>\n<p style=\"font-weight: 400;\">&nbsp;<\/p>\n<ol>\n<li style=\"font-weight: 400;\">Selecci\u00f3n de los candidatos que se propongan al Poder Ejecutivo para integrar el Instituto Nacional del Cooperativismo y fijaci\u00f3n de las orientaciones pol\u00edticas y estrat\u00e9gicas a las que deber\u00e1n sujetarse los delegados electos.<\/li>\n<\/ol>\n<p><a href=\"http:\/\/www.cudecoop.coop\/cudecoop\/wp-content\/uploads\/2019\/08\/LLAMADO-AGE-030919.pdf\">LLAMADO<\/a><a href=\"http:\/\/www.cudecoop.coop\/cudecoop\/wp-content\/uploads\/2019\/08\/LLAMADO-AGE-030919.pdf\"> AG<\/a><a href=\"http:\/\/www.cudecoop.coop\/cudecoop\/wp-content\/uploads\/2019\/08\/LLAMADO-AGE-030919.pdf\">E<\/a><a href=\"http:\/\/www.cudecoop.coop\/cudecoop\/wp-content\/uploads\/2019\/08\/LLAMADO-AGE-030919.pdf\"> 030919<\/a><\/p>\n<p style=\"font-weight: 400;\">&nbsp;<\/p>\n","protected":false},"excerpt":{"rendered":"<p>El Consejo Directivo de la Confederaci\u00f3n Uruguaya de Entidades Cooperativas en su sesi\u00f3n del pasado martes 6 de agosto, cumpliendo con los art\u00edculos 28 y 30 de sus estatutos, resolvi\u00f3 convocar a sus asociados a &nbsp;una Asamblea General Extraordinaria a realizarse el d\u00eda 3 de setiembre de 2019 en la Sede de CUDECOOP ubicada en Av. 18 de Julio 948 oficina 502, Montevideo. &nbsp; 1\u00aa Convocatoria \u2013 hora 17:00 &nbsp; 2\u00aa Convocatoria \u2013 hora 17:30 &nbsp; Orden del D\u00eda: &nbsp; Selecci\u00f3n de los candidatos que se propongan al Poder Ejecutivo para integrar el Instituto Nacional del Cooperativismo y fijaci\u00f3n de [&#8230;]<\/p>\n","protected":false},"author":27,"featured_media":0,"comment_status":"open","ping_status":"open","sticky":false,"template":"","format":"standard","meta":{"_acf_changed":false,"ngg_post_thumbnail":0,"footnotes":""},"categories":[6,1],"tags":[],"class_list":["post-2783","post","type-post","status-publish","format-standard","hentry","category-institucionales","category-noticias"],"acf":[],"_links":{"self":[{"href":"http:\/\/www.cudecoop.coop\/cudecoop\/wp-json\/wp\/v2\/posts\/2783","targetHints":{"allow":["GET"]}}],"collection":[{"href":"http:\/\/www.cudecoop.coop\/cudecoop\/wp-json\/wp\/v2\/posts"}],"about":[{"href":"http:\/\/www.cudecoop.coop\/cudecoop\/wp-json\/wp\/v2\/types\/post"}],"author":[{"embeddable":true,"href":"http:\/\/www.cudecoop.coop\/cudecoop\/wp-json\/wp\/v2\/users\/27"}],"replies":[{"embeddable":true,"href":"http:\/\/www.cudecoop.coop\/cudecoop\/wp-json\/wp\/v2\/comments?post=2783"}],"version-history":[{"count":1,"href":"http:\/\/www.cudecoop.coop\/cudecoop\/wp-json\/wp\/v2\/posts\/2783\/revisions"}],"predecessor-version":[{"id":2785,"href":"http:\/\/www.cudecoop.coop\/cudecoop\/wp-json\/wp\/v2\/posts\/2783\/revisions\/2785"}],"wp:attachment":[{"href":"http:\/\/www.cudecoop.coop\/cudecoop\/wp-json\/wp\/v2\/media?parent=2783"}],"wp:term":[{"taxonomy":"category","embeddable":true,"href":"http:\/\/www.cudecoop.coop\/cudecoop\/wp-json\/wp\/v2\/categories?post=2783"},{"taxonomy":"post_tag","embeddable":true,"href":"http:\/\/www.cudecoop.coop\/cudecoop\/wp-json\/wp\/v2\/tags?post=2783"}],"curies":[{"name":"wp","href":"https:\/\/api.w.org\/{rel}","templated":true}]}}