{"id":2762,"date":"2019-07-30T19:16:45","date_gmt":"2019-07-30T19:16:45","guid":{"rendered":"http:\/\/www.cudecoop.coop\/cudecoop\/?p=2762"},"modified":"2019-08-01T13:19:28","modified_gmt":"2019-08-01T13:19:28","slug":"oportunidad-laboral-en-madonado","status":"publish","type":"post","link":"http:\/\/www.cudecoop.coop\/cudecoop\/oportunidad-laboral-en-madonado\/","title":{"rendered":"Oportunidad laboral en Maldonado"},"content":{"rendered":"<p>A los efectos de apoyar el funcionamiento de la Mesa Intercooperativa de Maldonado,&nbsp;se ha previsto la contrataci\u00f3n de una persona promotora t\u00e9cnica local que trabajar\u00e1 como parte del equipo,&nbsp; articulado por la Coordinaci\u00f3n del Proyecto de Desarrollo Territorial.&nbsp;<\/p>\n<p>El rol del o la promotora, est\u00e1 orientado a la identificaci\u00f3n de oportunidades y recursos para el desarrollo del cooperativismo a nivel local, apoyando las gestiones que puedan precisarse desde los referentes de la Mesa Intercooperativa.&nbsp;<\/p>\n<p>Junto con la Coordinadora del proyecto, ser\u00e1n un enlace directo entre las diversas realidades de base a nivel local y las Federaciones respectivas, promoviendo la participaci\u00f3n activa de las cooperativas en las actividades previstas en el proyecto.<\/p>\n<p>El llamado se encuentra abierto hasta el viernes 16 de agosto inclusive.&nbsp;<\/p>\n<p>Enviar C.V: <a href=\"mailto:alicia.kuster130@gmail.com\">alicia.kuster130@gmail.com<\/a>, <a href=\"mailto:proregio@cudecoop.coop\">proregio@cudecoop.coop<\/a><\/p>\n<p>Consultas: 099 600 447 y 29025339 int. 1004<\/p>\n<p>En adjunto se encuentran las bases del llamado para ampliar informaci\u00f3n.&nbsp;<\/p>\n<p>&nbsp;<\/p>\n<p><a href=\"http:\/\/www.cudecoop.coop\/cudecoop\/wp-content\/uploads\/2019\/07\/TdeR-Promotor-Maldonado.pdf\">TdeR Promotor Maldonado<\/a><\/p>\n","protected":false},"excerpt":{"rendered":"<p>A los efectos de apoyar el funcionamiento de la Mesa Intercooperativa de Maldonado,&nbsp;se ha previsto la contrataci\u00f3n de una persona promotora t\u00e9cnica local que trabajar\u00e1 como parte del equipo,&nbsp; articulado por la Coordinaci\u00f3n del Proyecto de Desarrollo Territorial.&nbsp; El rol del o la promotora, est\u00e1 orientado a la identificaci\u00f3n de oportunidades y recursos para el desarrollo del cooperativismo a nivel local, apoyando las gestiones que puedan precisarse desde los referentes de la Mesa Intercooperativa.&nbsp; Junto con la Coordinadora del proyecto, ser\u00e1n un enlace directo entre las diversas realidades de base a nivel local y las Federaciones respectivas, promoviendo la participaci\u00f3n [&#8230;]<\/p>\n","protected":false},"author":27,"featured_media":0,"comment_status":"open","ping_status":"open","sticky":false,"template":"","format":"standard","meta":{"_acf_changed":false,"ngg_post_thumbnail":0,"footnotes":""},"categories":[7,6,1],"tags":[],"class_list":["post-2762","post","type-post","status-publish","format-standard","hentry","category-cooperativas","category-institucionales","category-noticias"],"acf":[],"_links":{"self":[{"href":"http:\/\/www.cudecoop.coop\/cudecoop\/wp-json\/wp\/v2\/posts\/2762","targetHints":{"allow":["GET"]}}],"collection":[{"href":"http:\/\/www.cudecoop.coop\/cudecoop\/wp-json\/wp\/v2\/posts"}],"about":[{"href":"http:\/\/www.cudecoop.coop\/cudecoop\/wp-json\/wp\/v2\/types\/post"}],"author":[{"embeddable":true,"href":"http:\/\/www.cudecoop.coop\/cudecoop\/wp-json\/wp\/v2\/users\/27"}],"replies":[{"embeddable":true,"href":"http:\/\/www.cudecoop.coop\/cudecoop\/wp-json\/wp\/v2\/comments?post=2762"}],"version-history":[{"count":2,"href":"http:\/\/www.cudecoop.coop\/cudecoop\/wp-json\/wp\/v2\/posts\/2762\/revisions"}],"predecessor-version":[{"id":2766,"href":"http:\/\/www.cudecoop.coop\/cudecoop\/wp-json\/wp\/v2\/posts\/2762\/revisions\/2766"}],"wp:attachment":[{"href":"http:\/\/www.cudecoop.coop\/cudecoop\/wp-json\/wp\/v2\/media?parent=2762"}],"wp:term":[{"taxonomy":"category","embeddable":true,"href":"http:\/\/www.cudecoop.coop\/cudecoop\/wp-json\/wp\/v2\/categories?post=2762"},{"taxonomy":"post_tag","embeddable":true,"href":"http:\/\/www.cudecoop.coop\/cudecoop\/wp-json\/wp\/v2\/tags?post=2762"}],"curies":[{"name":"wp","href":"https:\/\/api.w.org\/{rel}","templated":true}]}}