{"id":2760,"date":"2019-08-14T21:36:23","date_gmt":"2019-08-14T21:36:23","guid":{"rendered":"http:\/\/www.cudecoop.coop\/cudecoop\/?p=2760"},"modified":"2019-08-15T18:53:57","modified_gmt":"2019-08-15T18:53:57","slug":"recibimos-hoy-a-daniel-martinez-y-parte-de-su-equipo","status":"publish","type":"post","link":"http:\/\/www.cudecoop.coop\/cudecoop\/recibimos-hoy-a-daniel-martinez-y-parte-de-su-equipo\/","title":{"rendered":"Recibimos a Daniel Mart\u00ednez y parte de su equipo"},"content":{"rendered":"<div>&nbsp;<\/div>\n<div>\n<p>En la tarde del 14 de agosto se presentaron, por primera vez, las propuestas program\u00e1ticas del cooperativismo al candidato a la presidencia por el Frente Amplio, Daniel Mart\u00ednez.<\/p>\n<p>La actividad se enmarc\u00f3 en el&nbsp;Ciclo program\u00e1tico con presidenciables, en el cual&nbsp;se presentan las Propuestas Program\u00e1ticas del cooperativismo a potenciales presidentes del pr\u00f3ximo gobierno, en el marco de un Consejo Directivo ampliado de la Confederaci\u00f3n.<\/p>\n<p>Participan de estas actividades Consejeros de la Confederaci\u00f3n (titulares y suplentes), personas delegadas a las pol\u00edticas p\u00fablicas, presidentes y secretarios de Federaciones socias.<\/p>\n<p>De la actividad se pretende&nbsp;un espacio de cercan\u00eda para conversar&nbsp;y construir un canal de di\u00e1logo con el movimiento.<\/p>\n<p>Pr\u00f3ximamente el Consejo Directivo recibir\u00e1&nbsp;al resto de los candidatos a la presidencia.&nbsp;<\/p>\n<p>En estos d\u00edas compartiremos el registro audiovisual&nbsp;de la reuni\u00f3n<\/p>\n<p>&nbsp;<\/p>\n<p><strong>Propuestas del cooperativismo en 9 ideas&nbsp;<\/strong><\/p>\n<p>Para facilitar la comunicaci\u00f3n de las propuestas program\u00e1ticas del sector, creamos este resumen que da cuenta de las principales ideas propuestas por el cooperativismo para el pr\u00f3ximo Gobierno.&nbsp;<\/p>\n<p><a href=\"http:\/\/www.cudecoop.coop\/cudecoop\/wp-content\/uploads\/2019\/08\/Propuestas-del-cooperativismo-en-9-ideas.pdf\">Ver aqu\u00ed<\/a><\/p>\n<p>&nbsp;<\/p>\n<p><strong>Propuestas program\u00e1ticas del cooperativismo a los partidos pol\u00edticos<\/strong><\/p>\n<p>Dejamos aqu\u00ed el documento final que profundiza en los aspectos discutidos y las ideas elaboradas del movimiento cooperativo nacional.&nbsp;<\/p>\n<p><a href=\"http:\/\/www.cudecoop.coop\/cudecoop\/wp-content\/uploads\/2019\/08\/Propuestas_Program%C3%A1ticas_CUDECOOP_2019.pdf\">Ver aqu\u00ed<\/a><\/p>\n<\/div>\n","protected":false},"excerpt":{"rendered":"<p>&nbsp; En la tarde del 14 de agosto se presentaron, por primera vez, las propuestas program\u00e1ticas del cooperativismo al candidato a la presidencia por el Frente Amplio, Daniel Mart\u00ednez. La actividad se enmarc\u00f3 en el&nbsp;Ciclo program\u00e1tico con presidenciables, en el cual&nbsp;se presentan las Propuestas Program\u00e1ticas del cooperativismo a potenciales presidentes del pr\u00f3ximo gobierno, en el marco de un Consejo Directivo ampliado de la Confederaci\u00f3n. Participan de estas actividades Consejeros de la Confederaci\u00f3n (titulares y suplentes), personas delegadas a las pol\u00edticas p\u00fablicas, presidentes y secretarios de Federaciones socias. De la actividad se pretende&nbsp;un espacio de cercan\u00eda para conversar&nbsp;y construir un canal [&#8230;]<\/p>\n","protected":false},"author":27,"featured_media":2786,"comment_status":"open","ping_status":"open","sticky":false,"template":"","format":"standard","meta":{"_acf_changed":false,"ngg_post_thumbnail":0,"footnotes":""},"categories":[7,6,1],"tags":[],"class_list":["post-2760","post","type-post","status-publish","format-standard","has-post-thumbnail","hentry","category-cooperativas","category-institucionales","category-noticias"],"acf":[],"_links":{"self":[{"href":"http:\/\/www.cudecoop.coop\/cudecoop\/wp-json\/wp\/v2\/posts\/2760","targetHints":{"allow":["GET"]}}],"collection":[{"href":"http:\/\/www.cudecoop.coop\/cudecoop\/wp-json\/wp\/v2\/posts"}],"about":[{"href":"http:\/\/www.cudecoop.coop\/cudecoop\/wp-json\/wp\/v2\/types\/post"}],"author":[{"embeddable":true,"href":"http:\/\/www.cudecoop.coop\/cudecoop\/wp-json\/wp\/v2\/users\/27"}],"replies":[{"embeddable":true,"href":"http:\/\/www.cudecoop.coop\/cudecoop\/wp-json\/wp\/v2\/comments?post=2760"}],"version-history":[{"count":7,"href":"http:\/\/www.cudecoop.coop\/cudecoop\/wp-json\/wp\/v2\/posts\/2760\/revisions"}],"predecessor-version":[{"id":2789,"href":"http:\/\/www.cudecoop.coop\/cudecoop\/wp-json\/wp\/v2\/posts\/2760\/revisions\/2789"}],"wp:featuredmedia":[{"embeddable":true,"href":"http:\/\/www.cudecoop.coop\/cudecoop\/wp-json\/wp\/v2\/media\/2786"}],"wp:attachment":[{"href":"http:\/\/www.cudecoop.coop\/cudecoop\/wp-json\/wp\/v2\/media?parent=2760"}],"wp:term":[{"taxonomy":"category","embeddable":true,"href":"http:\/\/www.cudecoop.coop\/cudecoop\/wp-json\/wp\/v2\/categories?post=2760"},{"taxonomy":"post_tag","embeddable":true,"href":"http:\/\/www.cudecoop.coop\/cudecoop\/wp-json\/wp\/v2\/tags?post=2760"}],"curies":[{"name":"wp","href":"https:\/\/api.w.org\/{rel}","templated":true}]}}