{"id":2753,"date":"2019-07-22T20:34:16","date_gmt":"2019-07-22T20:34:16","guid":{"rendered":"http:\/\/www.cudecoop.coop\/cudecoop\/?p=2753"},"modified":"2019-07-24T15:15:41","modified_gmt":"2019-07-24T15:15:41","slug":"__trashed","status":"publish","type":"post","link":"http:\/\/www.cudecoop.coop\/cudecoop\/__trashed\/","title":{"rendered":"Cooperativismo y el Proyecto de Ley de Econom\u00eda Social y Solidaria"},"content":{"rendered":"<div>El martes 22 de julio, CUDECOOP se reuni\u00f3 con la Comisi\u00f3n Especial de Cooperativismo por el Proyecto de Ley de Econom\u00eda Social y Solidaria.&nbsp;<\/div>\n<div>&nbsp;<\/div>\n<div>Este intercambio se dio para avanzar en la definici\u00f3n de un marco que permita la comprensi\u00f3n e impulso de la Econom\u00eda Social y Solidaria.&nbsp;<\/div>\n<div>&nbsp;<\/div>\n<div>CUDECOOP ha incorporado desde hace varios a\u00f1os la tarea de promover y liderar el espacio de la&nbsp;Econom\u00eda Social y Solidaria en el Uruguay. De eso dan prueba la Misi\u00f3n y Visi\u00f3n institucional&nbsp;como los Objetivos y Metas Estrat\u00e9gicas espec\u00edficas sobre el tema, as\u00ed como el reconocimiento de<br \/>\neste papel asignado por diversos organismos p\u00fablicos como el INEFOP, FONDES y&nbsp;TRANSFORMA URUGUAY.<\/div>\n<div>&nbsp;<\/div>\n<div>El pasado 15 de julio en sesi\u00f3n extraordinaria del Consejo Directivo se logr\u00f3 consensuar la posici\u00f3n&nbsp;con respecto a las principales preocupaciones y las enmiendas que el Movimiento Cooperativo&nbsp;entiende son necesarias para lograr un buen marco normativo para el sector de ESS.<\/div>\n<div>En particular se sugiere una mejor definici\u00f3n y l\u00edmites m\u00e1s claros para el universo que involucra el&nbsp;concepto, as\u00ed como revisar los roles a asignar a diferentes \u00e1mbitos de la institucionalidad p\u00fablica.<\/div>\n<div>&nbsp;<\/div>\n<div>A modo de sugerencia para incidir sobre el proyecto de ley, CUDECOOP, sugiri\u00f3 las siguientes recomendaciones:<\/div>\n<div>&nbsp;<\/div>\n<div><strong>RECOMENDACIONES GENERALES<\/strong><\/div>\n<div>\n<strong>a.<\/strong> Mejorar la definici\u00f3n con las referencias mencionadas previamente, incluyendo un art\u00edculo&nbsp;sobre \u00c1mbito de Acci\u00f3n de la ESS que se\u00f1ale que m\u00e1s all\u00e1 de las disposiciones generales de&nbsp;esta Ley Marco, cada tipo organizacional seguir\u00e1 regul\u00e1ndose de acuerdo a su normativa&nbsp;espec\u00edfica.<\/div>\n<div>&nbsp;<\/div>\n<div><strong>b.<\/strong> Se\u00f1alar que los Principios son Constitutivos y no Orientadores, y por lo tanto deben&nbsp;cumplirse en forma integral.<\/div>\n<div>&nbsp;<\/div>\n<div><strong>c.<\/strong> Explicitar claramente las formas jur\u00eddicas que se incluir\u00e1n como parte del campo de la ESS,&nbsp;evitando incorporar formatos sin una identidad jur\u00eddica concreta, o formatos que no est\u00e9n a&nbsp;texto expreso en la Ley.<\/div>\n<div>&nbsp;<\/div>\n<div><strong>d.<\/strong> Incluir un Cap\u00edtulo espec\u00edfico sobre el rol del Estado en relaci\u00f3n a la ESS donde se mantenga el papel del INACOOP en la de promoci\u00f3n, quedando el Registro en la \u00f3rbita del&nbsp;MEC y el contralor en el de AIN o el organismo que corresponda de acuerdo a cada formato&nbsp;jur\u00eddico espec\u00edfico.<\/div>\n<div>&nbsp;<\/div>\n<div><strong>e.<\/strong> En vista de incrementar el \u00e1mbito institucional de tratamiento de la Agenda de ESS a nivel&nbsp;de Gobierno, incluir la creaci\u00f3n del Gabinete Nacional de ESS con integraci\u00f3n de los&nbsp;Ministros m\u00e1s vinculados al sector, con INACOOP como apoyo y organismo encargado de&nbsp;la coordinaci\u00f3n de las pol\u00edticas sectoriales relativas a la ESS.<\/div>\n<div>&nbsp;<\/div>\n<div><strong>f.<\/strong> Procurando cuidar el sano funcionamiento del INACOOP se propone evitar modificar su&nbsp;estructura y funcionamiento. Se plantea la inconveniencia de crear nuevos \u00f3rganos&nbsp;accesorios como el Comit\u00e9 Consultivo que se propone en los proyectos a estudio, y en&nbsp;cualquier caso, reconocer a la Confederaci\u00f3n Uruguaya de Entidades Cooperativas como la&nbsp;expresi\u00f3n m\u00e1s representativa del sector de ESS.<\/div>\n<div>&nbsp;<\/div>\n<div><strong>g.<\/strong> Incluir un cap\u00edtulo espec\u00edfico sobre las compras p\u00fablicas para el sector, como sub-programa&nbsp;espec\u00edfico del Programa de Contrataci\u00f3n P\u00fablica para el Desarrollo (Ley 18.362).<\/div>\n<div>&nbsp;<\/div>\n<div>&nbsp;<\/div>\n","protected":false},"excerpt":{"rendered":"<p>El martes 22 de julio, CUDECOOP se reuni\u00f3 con la Comisi\u00f3n Especial de Cooperativismo por el Proyecto de Ley de Econom\u00eda Social y Solidaria.&nbsp; &nbsp; Este intercambio se dio para avanzar en la definici\u00f3n de un marco que permita la comprensi\u00f3n e impulso de la Econom\u00eda Social y Solidaria.&nbsp; &nbsp; CUDECOOP ha incorporado desde hace varios a\u00f1os la tarea de promover y liderar el espacio de la&nbsp;Econom\u00eda Social y Solidaria en el Uruguay. De eso dan prueba la Misi\u00f3n y Visi\u00f3n institucional&nbsp;como los Objetivos y Metas Estrat\u00e9gicas espec\u00edficas sobre el tema, as\u00ed como el reconocimiento de<br \/> este papel asignado [&#8230;]<\/p>\n","protected":false},"author":27,"featured_media":2756,"comment_status":"open","ping_status":"open","sticky":false,"template":"","format":"standard","meta":{"_acf_changed":false,"ngg_post_thumbnail":0,"footnotes":""},"categories":[7,6,1],"tags":[],"class_list":["post-2753","post","type-post","status-publish","format-standard","has-post-thumbnail","hentry","category-cooperativas","category-institucionales","category-noticias"],"acf":[],"_links":{"self":[{"href":"http:\/\/www.cudecoop.coop\/cudecoop\/wp-json\/wp\/v2\/posts\/2753","targetHints":{"allow":["GET"]}}],"collection":[{"href":"http:\/\/www.cudecoop.coop\/cudecoop\/wp-json\/wp\/v2\/posts"}],"about":[{"href":"http:\/\/www.cudecoop.coop\/cudecoop\/wp-json\/wp\/v2\/types\/post"}],"author":[{"embeddable":true,"href":"http:\/\/www.cudecoop.coop\/cudecoop\/wp-json\/wp\/v2\/users\/27"}],"replies":[{"embeddable":true,"href":"http:\/\/www.cudecoop.coop\/cudecoop\/wp-json\/wp\/v2\/comments?post=2753"}],"version-history":[{"count":2,"href":"http:\/\/www.cudecoop.coop\/cudecoop\/wp-json\/wp\/v2\/posts\/2753\/revisions"}],"predecessor-version":[{"id":2757,"href":"http:\/\/www.cudecoop.coop\/cudecoop\/wp-json\/wp\/v2\/posts\/2753\/revisions\/2757"}],"wp:featuredmedia":[{"embeddable":true,"href":"http:\/\/www.cudecoop.coop\/cudecoop\/wp-json\/wp\/v2\/media\/2756"}],"wp:attachment":[{"href":"http:\/\/www.cudecoop.coop\/cudecoop\/wp-json\/wp\/v2\/media?parent=2753"}],"wp:term":[{"taxonomy":"category","embeddable":true,"href":"http:\/\/www.cudecoop.coop\/cudecoop\/wp-json\/wp\/v2\/categories?post=2753"},{"taxonomy":"post_tag","embeddable":true,"href":"http:\/\/www.cudecoop.coop\/cudecoop\/wp-json\/wp\/v2\/tags?post=2753"}],"curies":[{"name":"wp","href":"https:\/\/api.w.org\/{rel}","templated":true}]}}