{"id":2749,"date":"2019-07-15T19:38:03","date_gmt":"2019-07-15T19:38:03","guid":{"rendered":"http:\/\/www.cudecoop.coop\/cudecoop\/?p=2749"},"modified":"2019-07-15T19:38:03","modified_gmt":"2019-07-15T19:38:03","slug":"acuerdo-de-capacitacion-cudecoop-unidad-de-economia-social-y-solidaria","status":"publish","type":"post","link":"http:\/\/www.cudecoop.coop\/cudecoop\/acuerdo-de-capacitacion-cudecoop-unidad-de-economia-social-y-solidaria\/","title":{"rendered":"ACUERDO DE CAPACITACI\u00d3N CUDECOOP- UNIDAD DE ECONOM\u00cdA SOCIAL Y  SOLIDARIA"},"content":{"rendered":"<p>Como parte del convenio de cooperaci\u00f3n existente entre la Intendencia de Montevideo y la&nbsp;Confederaci\u00f3n de Entidades Cooperativas del Uruguay -CUDECOOP-, ambas instituciones han&nbsp;planificado una serie de instancias de capacitaci\u00f3n a funcionarios de la intendencia y&nbsp;municipios a desarrollarse en 2019, las cuales comienzan el martes 16 de julio.&nbsp;<\/p>\n<p>A pedido de la Unidad de Econom\u00eda Social, se realiz\u00f3 un llamado a funcionarias\/os de la Intendencia de Montevideo para participar de la capacitaci\u00f3n en cooperativismo b\u00e1sico, brindado por Cudecoop.<\/p>\n<p>Para la capacitaci\u00f3n b\u00e1sica se apunta a llegar a nuevos participantes para un<br \/>\nprimer acercamiento a la tem\u00e1tica, en tanto la capacitaci\u00f3n espec\u00edfica est\u00e1 dirigida a&nbsp;operadores y\/o gestores de convenios de la IM con cooperativas de trabajo y sociales.&nbsp;<\/p>\n<p>El objetivo es difundir un sector cuyo desarrollo es valioso en t\u00e9rminos de desarrollo econ\u00f3mico y&nbsp;social del pa\u00eds y brindar herramientas concretas a los funcionarios para atender y orientar&nbsp;adecuadamente a los cooperativistas con los que se vinculan.&nbsp;Ambas instituciones vienen articulando varias l\u00edneas de trabajo, siendo la capacitaci\u00f3n y&nbsp;formaci\u00f3n una de ellas.<\/p>\n<p>&nbsp;<\/p>\n","protected":false},"excerpt":{"rendered":"<p>Como parte del convenio de cooperaci\u00f3n existente entre la Intendencia de Montevideo y la&nbsp;Confederaci\u00f3n de Entidades Cooperativas del Uruguay -CUDECOOP-, ambas instituciones han&nbsp;planificado una serie de instancias de capacitaci\u00f3n a funcionarios de la intendencia y&nbsp;municipios a desarrollarse en 2019, las cuales comienzan el martes 16 de julio.&nbsp; A pedido de la Unidad de Econom\u00eda Social, se realiz\u00f3 un llamado a funcionarias\/os de la Intendencia de Montevideo para participar de la capacitaci\u00f3n en cooperativismo b\u00e1sico, brindado por Cudecoop. Para la capacitaci\u00f3n b\u00e1sica se apunta a llegar a nuevos participantes para un<br \/> primer acercamiento a la tem\u00e1tica, en tanto la capacitaci\u00f3n [&#8230;]<\/p>\n","protected":false},"author":27,"featured_media":0,"comment_status":"open","ping_status":"open","sticky":false,"template":"","format":"standard","meta":{"_acf_changed":false,"ngg_post_thumbnail":0,"footnotes":""},"categories":[7,6,1],"tags":[],"class_list":["post-2749","post","type-post","status-publish","format-standard","hentry","category-cooperativas","category-institucionales","category-noticias"],"acf":[],"_links":{"self":[{"href":"http:\/\/www.cudecoop.coop\/cudecoop\/wp-json\/wp\/v2\/posts\/2749","targetHints":{"allow":["GET"]}}],"collection":[{"href":"http:\/\/www.cudecoop.coop\/cudecoop\/wp-json\/wp\/v2\/posts"}],"about":[{"href":"http:\/\/www.cudecoop.coop\/cudecoop\/wp-json\/wp\/v2\/types\/post"}],"author":[{"embeddable":true,"href":"http:\/\/www.cudecoop.coop\/cudecoop\/wp-json\/wp\/v2\/users\/27"}],"replies":[{"embeddable":true,"href":"http:\/\/www.cudecoop.coop\/cudecoop\/wp-json\/wp\/v2\/comments?post=2749"}],"version-history":[{"count":1,"href":"http:\/\/www.cudecoop.coop\/cudecoop\/wp-json\/wp\/v2\/posts\/2749\/revisions"}],"predecessor-version":[{"id":2750,"href":"http:\/\/www.cudecoop.coop\/cudecoop\/wp-json\/wp\/v2\/posts\/2749\/revisions\/2750"}],"wp:attachment":[{"href":"http:\/\/www.cudecoop.coop\/cudecoop\/wp-json\/wp\/v2\/media?parent=2749"}],"wp:term":[{"taxonomy":"category","embeddable":true,"href":"http:\/\/www.cudecoop.coop\/cudecoop\/wp-json\/wp\/v2\/categories?post=2749"},{"taxonomy":"post_tag","embeddable":true,"href":"http:\/\/www.cudecoop.coop\/cudecoop\/wp-json\/wp\/v2\/tags?post=2749"}],"curies":[{"name":"wp","href":"https:\/\/api.w.org\/{rel}","templated":true}]}}