{"id":2736,"date":"2019-07-08T19:47:19","date_gmt":"2019-07-08T19:47:19","guid":{"rendered":"http:\/\/www.cudecoop.coop\/cudecoop\/?p=2736"},"modified":"2019-07-08T19:47:19","modified_gmt":"2019-07-08T19:47:19","slug":"celebramos-el-dia-de-las-cooperativas-2019","status":"publish","type":"post","link":"http:\/\/www.cudecoop.coop\/cudecoop\/celebramos-el-dia-de-las-cooperativas-2019\/","title":{"rendered":"Celebramos el D\u00eda de las Cooperativas 2019"},"content":{"rendered":"<p>Como cada primer s\u00e1bado de julio, celebramos un nuevo <strong>#CoopsDay. <\/strong>Este a\u00f1o, las actividades fueron llevadas a cabo en Canelones, ciudad declarada capital del cooperativismo 2019; en esta ocasi\u00f3n la celebraci\u00f3n se realiz\u00f3 en la Sala Lumiere de la capital canaria y all\u00ed participaron cooperativistas de Tacuaremb\u00f3, Paysand\u00fa, Cerro Largo, Florida, Maldonado, Colonia y Canelones.<\/p>\n<p>Convocados por la Confederaci\u00f3n Uruguaya de Entidades Cooperativas (CUDECOOP), el Instituto Nacional del Cooperativismo (INACOOP); y la Intendencia de Canelones, a trav\u00e9s de la Unidad de Desarrollo Cooperativo y apoyo a la econom\u00eda social y solidaria, y como articulador en territorio a la Mesa Intercooperativa de Canelones, <strong>m\u00e1s de cien cooperativistas participaron de espacios de reflexi\u00f3n, juegos, charlas, intercambios y un espect\u00e1culo art\u00edstico a cargo del Ballet Folkl\u00f3rico Aborigen. <\/strong><\/p>\n<p>La apertura protocolar estuvo a cargo de Marcelo Metediera, intendente interino de Canelones; Carlos Reyes, presidente del INACOOP y Graciela Fern\u00e1ndez, presidenta de CUDECOOP y Cooperativas de las Am\u00e9ricas<\/p>\n<p>Las autoridades que representan al cooperativo uruguayo se adhirieron<strong>&nbsp;<\/strong><strong>y<\/strong> reafirmaron el mensaje propuesto por la Alianza Cooperativa Internacional para este a\u00f1o \u201ccooperativas por un trabajo digno\u201d.<\/p>\n<p>Todas las clases cooperativas tuvieron su representaci\u00f3n en esta celebraci\u00f3n, participaron en este rol Stefan\u00eda Silveyra, por Cooperativas Agrarias Federadas; Fernando L\u00f3pez, por Comisi\u00f3n Nacional de Fomento Rural; William Sosa y Alfredo Lamenza por la C\u00e1mara Uruguaya de Cooperativas de Ahorro y Cr\u00e9dito y Jorge Tripodi por la Federaci\u00f3n de Cooperativas de Consumo. Adem\u00e1s, Walter Ocampo, particip\u00f3 invitado de SURCO en representaci\u00f3n de las Cooperativas de Seguros; Luis Alvez por las Cooperativas de Producci\u00f3n del Uruguay y Alicia Maneiro y Ricardo Pisciottano en nombre de las Cooperativas de Vivienda.<\/p>\n<p>A modo de cierre, se realiz\u00f3 un homenaje con entrega de placa a representantes del Molino Santa Rosa, emblema del sistema cooperativo uruguayo que celebra&nbsp; este a\u00f1o sus 20 a\u00f1os de funcionamiento.<\/p>\n<p>Ver video del d\u00eda del remate del Molino <a href=\"https:\/\/www.facebook.com\/cooperativamolinosantarosa\/videos\/515088672630553\/\">aqu\u00ed&nbsp;<\/a><\/p>\n<p>Recordamos que durante el a\u00f1o continuar\u00e1n las actividades de <strong>Canelones capital del cooperativismo<\/strong>, y destacamos el<strong> Encuentro departamental Intercooperativo el 27 de setiembre, y el 28 de setiembre el 3er Encuentro Nacional de Mujeres Cooperativistas.<\/strong><\/p>\n","protected":false},"excerpt":{"rendered":"<p>Como cada primer s\u00e1bado de julio, celebramos un nuevo #CoopsDay. Este a\u00f1o, las actividades fueron llevadas a cabo en Canelones, ciudad declarada capital del cooperativismo 2019; en esta ocasi\u00f3n la celebraci\u00f3n se realiz\u00f3 en la Sala Lumiere de la capital canaria y all\u00ed participaron cooperativistas de Tacuaremb\u00f3, Paysand\u00fa, Cerro Largo, Florida, Maldonado, Colonia y Canelones. Convocados por la Confederaci\u00f3n Uruguaya de Entidades Cooperativas (CUDECOOP), el Instituto Nacional del Cooperativismo (INACOOP); y la Intendencia de Canelones, a trav\u00e9s de la Unidad de Desarrollo Cooperativo y apoyo a la econom\u00eda social y solidaria, y como articulador en territorio a la Mesa Intercooperativa [&#8230;]<\/p>\n","protected":false},"author":27,"featured_media":2737,"comment_status":"open","ping_status":"open","sticky":false,"template":"","format":"standard","meta":{"_acf_changed":false,"ngg_post_thumbnail":0,"footnotes":""},"categories":[7,6,1],"tags":[],"class_list":["post-2736","post","type-post","status-publish","format-standard","has-post-thumbnail","hentry","category-cooperativas","category-institucionales","category-noticias"],"acf":[],"_links":{"self":[{"href":"http:\/\/www.cudecoop.coop\/cudecoop\/wp-json\/wp\/v2\/posts\/2736","targetHints":{"allow":["GET"]}}],"collection":[{"href":"http:\/\/www.cudecoop.coop\/cudecoop\/wp-json\/wp\/v2\/posts"}],"about":[{"href":"http:\/\/www.cudecoop.coop\/cudecoop\/wp-json\/wp\/v2\/types\/post"}],"author":[{"embeddable":true,"href":"http:\/\/www.cudecoop.coop\/cudecoop\/wp-json\/wp\/v2\/users\/27"}],"replies":[{"embeddable":true,"href":"http:\/\/www.cudecoop.coop\/cudecoop\/wp-json\/wp\/v2\/comments?post=2736"}],"version-history":[{"count":1,"href":"http:\/\/www.cudecoop.coop\/cudecoop\/wp-json\/wp\/v2\/posts\/2736\/revisions"}],"predecessor-version":[{"id":2738,"href":"http:\/\/www.cudecoop.coop\/cudecoop\/wp-json\/wp\/v2\/posts\/2736\/revisions\/2738"}],"wp:featuredmedia":[{"embeddable":true,"href":"http:\/\/www.cudecoop.coop\/cudecoop\/wp-json\/wp\/v2\/media\/2737"}],"wp:attachment":[{"href":"http:\/\/www.cudecoop.coop\/cudecoop\/wp-json\/wp\/v2\/media?parent=2736"}],"wp:term":[{"taxonomy":"category","embeddable":true,"href":"http:\/\/www.cudecoop.coop\/cudecoop\/wp-json\/wp\/v2\/categories?post=2736"},{"taxonomy":"post_tag","embeddable":true,"href":"http:\/\/www.cudecoop.coop\/cudecoop\/wp-json\/wp\/v2\/tags?post=2736"}],"curies":[{"name":"wp","href":"https:\/\/api.w.org\/{rel}","templated":true}]}}