{"id":2692,"date":"2019-07-01T14:07:33","date_gmt":"2019-07-01T14:07:33","guid":{"rendered":"http:\/\/www.cudecoop.coop\/cudecoop\/?p=2692"},"modified":"2019-07-01T14:10:39","modified_gmt":"2019-07-01T14:10:39","slug":"la-oit-y-la-aci-reafirman-su-amistad-y-colaboracion-al-firmar-un-nuevo-memorando-de-entendimiento","status":"publish","type":"post","link":"http:\/\/www.cudecoop.coop\/cudecoop\/la-oit-y-la-aci-reafirman-su-amistad-y-colaboracion-al-firmar-un-nuevo-memorando-de-entendimiento\/","title":{"rendered":"OIT y ACI reafirman su amistad y colaboraci\u00f3n al firmar un nuevo Memorando de Entendimiento"},"content":{"rendered":"<p>La Alianza Cooperativa Internacional (ACI) y la Organizaci\u00f3n Internacional del Trabajo (OIT) reafirmaron su amistad de un siglo de duraci\u00f3n al firmar hoy un nuevo Memorando de Entendimiento (MdE).<\/p>\n<p>El documento afirma que su principal objetivo es &#8220;fomentar la colaboraci\u00f3n [&#8230;] en \u00e1reas de promoci\u00f3n y fortalecimiento del modelo de empresa cooperativa&#8221;. En ese sentido, ambos se comprometen a promover las cooperativas como un &#8220;modelo de negocio sostenible para promover el desarrollo inclusivo y sostenible&#8221;.<\/p>\n<p>El Presidente de la ACI, Ariel Guarco, y el Director General (DG) de la OIT, Guy Ryder, firmaron el nuevo MoU como un signo de amistad renovada. Ambos recordaron que&nbsp;el primer Director General de la OIT, Albert Thomas, proven\u00eda&nbsp;del movimiento cooperativo y form\u00f3 parte del Consejo de la ACI en la d\u00e9cada de 1920.<\/p>\n<p>La relaci\u00f3n entre las dos organizaciones comenz\u00f3 desde la fundaci\u00f3n de la OIT y se ha mantenido ininterrumpida hasta el d\u00eda de hoy.<\/p>\n<p>&nbsp;<\/p>\n<p><strong>Conferencia conjunta OIT &#8211; ACI<\/strong><\/p>\n<p>El memorando se firm\u00f3 durante una conferencia conjunta sobre&nbsp;<strong>&#8216;Las cooperativas y el futuro del trabajo&#8217;<\/strong>, despu\u00e9s de la 108\u00b0&nbsp;Conferencia Internacional del Trabajo que termin\u00f3 la semana pasada&nbsp;en el marco del centenario de&nbsp;la OIT. Ambos momentos son hist\u00f3ricos para el desarrollo de las cooperativas, ya que la OIT tambi\u00e9n adopt\u00f3 el 21 de junio la &#8216;Declaraci\u00f3n del Centenario de la OIT para el futuro del trabajo 2019&#8217;, en la cual el papel de las cooperativas y la econom\u00eda social y solidaria en el futuro del trabajo, en particular hacia un trabajo decente y sostenible, fue reconocido.<\/p>\n<p>Para Ariel Guarco, esta menci\u00f3n en la Declaraci\u00f3n es &#8220;muy significativa para nosotros, ya que nos permitir\u00e1 realizar una mayor labor de incidencia y de propuestas de pol\u00edticas p\u00fablicas favorables para las cooperativas, y reforzar\u00e1 a\u00fan m\u00e1s el partenariado que estamos renovando hoy con la firma de un nuevo acuerdo de colaboraci\u00f3n entre nuestras dos organizaciones.&#8221;<\/p>\n<p>Guy Ryder se\u00f1al\u00f3 que desde&nbsp;la OIT &#8220;estamos comprometidos en&nbsp;trabajar con los mandatarios&nbsp;y el movimiento cooperativo para apoyar la creaci\u00f3n de un ecosistema que favorezca el crecimiento de las empresas cooperativas. En estos tiempos de cambios sin precedentes y de desaf\u00edos excepcionales en el mundo del trabajo, Esperamos continuar la asociaci\u00f3n con el movimiento cooperativo en esta b\u00fasqueda de desarrollo sostenible y un futuro de trabajo m\u00e1s justo, inclusivo y m\u00e1s seguro para todos&#8221;.&nbsp;<\/p>\n<p>Durante la conferencia OIT &#8211; ACI, representantes de los gobiernos de&nbsp;Ir\u00e1n, Corea y Uruguay tomaron la palabra destacando el papel de la cooperativa para construir un futuro del trabajo sostenible, compartiendo ejemplos concretos de sus pa\u00edses. El Secretario General&nbsp;de la Confederaci\u00f3n Sindical Internacional (ITUC por su s\u00edlaba en ingl\u00e9s)&nbsp;V\u00edctor B\u00e1ez, se\u00f1al\u00f3 que &#8220;los sindicatos y las cooperativas deben trabajar juntos no solo para salvar empleos sino para crearlos&#8221; y la representante de UNDESA, Yang Wenyan, dijo que las cooperativas tienen un &#8220;gran papel para alcanzar&nbsp;los Objetivos de Desarrollo Sostenible (ODS)&#8221;.<\/p>\n<p><strong>Libro lanzado<\/strong><\/p>\n<p>El libro &#8216;Las cooperativas y el mundo del trabajo&#8217; se lanz\u00f3 como parte de la Conferencia Conjunta OIT &#8211; ACI. La publicaci\u00f3n se ha&nbsp;coeditado&nbsp;por autores de la ACI, la OIT y la Organizaci\u00f3n Internacional de Servicios Industriales y de Cooperaci\u00f3n (CICOPA). Con la incertidumbre del mundo del trabajo y el auge de las nuevas tecnolog\u00edas, el libro avanza&nbsp;el debate sobre el futuro del trabajo, el desarrollo sostenible y la econom\u00eda social y solidaria.<\/p>\n<p>La publicaci\u00f3n fue editada por Bruno Roelants (ACI), Hyungsik Eum (CICOPA &#8211; ACI), Simel Esim (OIT), Sonja Novkovic (Comit\u00e9 de Investigaci\u00f3n de la ACI) y Waltteri Katajamaki (OIT).<\/p>\n<p>La Presidenta de Cooperativas de las Am\u00e9ricas, Graciela Fern\u00e1ndez, cerr\u00f3 la sesi\u00f3n y destac\u00f3 la importancia de la declaraci\u00f3n del centenario de la OIT y el memorando de entendimiento como un reconocimiento significativo del movimiento cooperativo.<\/p>\n<p>&nbsp;<\/p>\n<p><strong>*Nota tomada de la web ica.coop<\/strong><\/p>\n","protected":false},"excerpt":{"rendered":"<p>La Alianza Cooperativa Internacional (ACI) y la Organizaci\u00f3n Internacional del Trabajo (OIT) reafirmaron su amistad de un siglo de duraci\u00f3n al firmar hoy un nuevo Memorando de Entendimiento (MdE). El documento afirma que su principal objetivo es &#8220;fomentar la colaboraci\u00f3n [&#8230;] en \u00e1reas de promoci\u00f3n y fortalecimiento del modelo de empresa cooperativa&#8221;. En ese sentido, ambos se comprometen a promover las cooperativas como un &#8220;modelo de negocio sostenible para promover el desarrollo inclusivo y sostenible&#8221;. El Presidente de la ACI, Ariel Guarco, y el Director General (DG) de la OIT, Guy Ryder, firmaron el nuevo MoU como un signo de [&#8230;]<\/p>\n","protected":false},"author":27,"featured_media":2693,"comment_status":"open","ping_status":"open","sticky":false,"template":"","format":"standard","meta":{"_acf_changed":false,"ngg_post_thumbnail":0,"footnotes":""},"categories":[7,6,1],"tags":[],"class_list":["post-2692","post","type-post","status-publish","format-standard","has-post-thumbnail","hentry","category-cooperativas","category-institucionales","category-noticias"],"acf":[],"_links":{"self":[{"href":"http:\/\/www.cudecoop.coop\/cudecoop\/wp-json\/wp\/v2\/posts\/2692","targetHints":{"allow":["GET"]}}],"collection":[{"href":"http:\/\/www.cudecoop.coop\/cudecoop\/wp-json\/wp\/v2\/posts"}],"about":[{"href":"http:\/\/www.cudecoop.coop\/cudecoop\/wp-json\/wp\/v2\/types\/post"}],"author":[{"embeddable":true,"href":"http:\/\/www.cudecoop.coop\/cudecoop\/wp-json\/wp\/v2\/users\/27"}],"replies":[{"embeddable":true,"href":"http:\/\/www.cudecoop.coop\/cudecoop\/wp-json\/wp\/v2\/comments?post=2692"}],"version-history":[{"count":3,"href":"http:\/\/www.cudecoop.coop\/cudecoop\/wp-json\/wp\/v2\/posts\/2692\/revisions"}],"predecessor-version":[{"id":2696,"href":"http:\/\/www.cudecoop.coop\/cudecoop\/wp-json\/wp\/v2\/posts\/2692\/revisions\/2696"}],"wp:featuredmedia":[{"embeddable":true,"href":"http:\/\/www.cudecoop.coop\/cudecoop\/wp-json\/wp\/v2\/media\/2693"}],"wp:attachment":[{"href":"http:\/\/www.cudecoop.coop\/cudecoop\/wp-json\/wp\/v2\/media?parent=2692"}],"wp:term":[{"taxonomy":"category","embeddable":true,"href":"http:\/\/www.cudecoop.coop\/cudecoop\/wp-json\/wp\/v2\/categories?post=2692"},{"taxonomy":"post_tag","embeddable":true,"href":"http:\/\/www.cudecoop.coop\/cudecoop\/wp-json\/wp\/v2\/tags?post=2692"}],"curies":[{"name":"wp","href":"https:\/\/api.w.org\/{rel}","templated":true}]}}