{"id":2677,"date":"2019-06-14T20:46:24","date_gmt":"2019-06-14T20:46:24","guid":{"rendered":"http:\/\/www.cudecoop.coop\/cudecoop\/?p=2677"},"modified":"2019-06-14T20:46:24","modified_gmt":"2019-06-14T20:46:24","slug":"lo-que-nos-une-cudecoop-30-anos-de-cooperativismo","status":"publish","type":"post","link":"http:\/\/www.cudecoop.coop\/cudecoop\/lo-que-nos-une-cudecoop-30-anos-de-cooperativismo\/","title":{"rendered":"\u201cLO QUE NOS UNE\u201d CUDECOOP: 30 A\u00d1OS DE COOPERATIVISMO"},"content":{"rendered":"<p>El jueves 13 de junio se realiz\u00f3 en la Casa del Cooperativismo, la presentaci\u00f3n del&nbsp;libro \u201cLo que nos une\u201d CUDECOOP: 30 a\u00f1os de cooperativismo. &nbsp;<\/p>\n<p>En el marco de los 30 a\u00f1os de la Confederaci\u00f3n Uruguaya de Entidades Cooperativas, se&nbsp;realiz\u00f3 el libro compilando la trayectoria de esta gremial cooperativa, por la que han pasado&nbsp;diversidad de personas que han aportado desde lo individual para el colectivo.<\/p>\n<p>La actividad cont\u00f3 con la exposici\u00f3n testimonial de algunas personas que estuvieron presentes en la trayectoria de la organizaci\u00f3n:&nbsp;Juan&nbsp;Carlos Ramos, Mario Fern\u00e1ndez, Rosana Perdomo, Ricardo Pisciottano y \u00c1lvaro Faedo.&nbsp;<\/p>\n<p>Y por otro lado&nbsp;Juan Pablo Mart\u00ed y Gerardo Caetano, autores del libro, hicieron su exposici\u00f3n sobre&nbsp;c\u00f3mo ha sido la creaci\u00f3n de este material que resume historia, an\u00e9cdotas y logros.<\/p>\n<p>Participaron en la apertura Graciela Fern\u00e1ndez, presidenta de CUDECOOP; Enzo Benech, ministro de Ganader\u00eda, Agricultura y Pesca; y Gustavo Bernini, presidente del INACOOP.<\/p>\n<p>Pueden encontrar el registro de la presentaci\u00f3n en el siguiente link:&nbsp;<\/p>\n<p><a href=\"https:\/\/www.facebook.com\/CUDECOOP\/videos\/867274643635258\/\">VER<\/a><\/p>\n<p>Quienes est\u00e9n interesados en adquirir un ejemplar, deben contactarse v\u00eda email a&nbsp;cudecoop@cudecoop.coop<\/p>\n","protected":false},"excerpt":{"rendered":"<p>El jueves 13 de junio se realiz\u00f3 en la Casa del Cooperativismo, la presentaci\u00f3n del&nbsp;libro \u201cLo que nos une\u201d CUDECOOP: 30 a\u00f1os de cooperativismo. &nbsp; En el marco de los 30 a\u00f1os de la Confederaci\u00f3n Uruguaya de Entidades Cooperativas, se&nbsp;realiz\u00f3 el libro compilando la trayectoria de esta gremial cooperativa, por la que han pasado&nbsp;diversidad de personas que han aportado desde lo individual para el colectivo. La actividad cont\u00f3 con la exposici\u00f3n testimonial de algunas personas que estuvieron presentes en la trayectoria de la organizaci\u00f3n:&nbsp;Juan&nbsp;Carlos Ramos, Mario Fern\u00e1ndez, Rosana Perdomo, Ricardo Pisciottano y \u00c1lvaro Faedo.&nbsp; Y por otro lado&nbsp;Juan Pablo Mart\u00ed [&#8230;]<\/p>\n","protected":false},"author":27,"featured_media":2678,"comment_status":"open","ping_status":"open","sticky":false,"template":"","format":"standard","meta":{"_acf_changed":false,"ngg_post_thumbnail":0,"footnotes":""},"categories":[7,6,1],"tags":[],"class_list":["post-2677","post","type-post","status-publish","format-standard","has-post-thumbnail","hentry","category-cooperativas","category-institucionales","category-noticias"],"acf":[],"_links":{"self":[{"href":"http:\/\/www.cudecoop.coop\/cudecoop\/wp-json\/wp\/v2\/posts\/2677","targetHints":{"allow":["GET"]}}],"collection":[{"href":"http:\/\/www.cudecoop.coop\/cudecoop\/wp-json\/wp\/v2\/posts"}],"about":[{"href":"http:\/\/www.cudecoop.coop\/cudecoop\/wp-json\/wp\/v2\/types\/post"}],"author":[{"embeddable":true,"href":"http:\/\/www.cudecoop.coop\/cudecoop\/wp-json\/wp\/v2\/users\/27"}],"replies":[{"embeddable":true,"href":"http:\/\/www.cudecoop.coop\/cudecoop\/wp-json\/wp\/v2\/comments?post=2677"}],"version-history":[{"count":1,"href":"http:\/\/www.cudecoop.coop\/cudecoop\/wp-json\/wp\/v2\/posts\/2677\/revisions"}],"predecessor-version":[{"id":2679,"href":"http:\/\/www.cudecoop.coop\/cudecoop\/wp-json\/wp\/v2\/posts\/2677\/revisions\/2679"}],"wp:featuredmedia":[{"embeddable":true,"href":"http:\/\/www.cudecoop.coop\/cudecoop\/wp-json\/wp\/v2\/media\/2678"}],"wp:attachment":[{"href":"http:\/\/www.cudecoop.coop\/cudecoop\/wp-json\/wp\/v2\/media?parent=2677"}],"wp:term":[{"taxonomy":"category","embeddable":true,"href":"http:\/\/www.cudecoop.coop\/cudecoop\/wp-json\/wp\/v2\/categories?post=2677"},{"taxonomy":"post_tag","embeddable":true,"href":"http:\/\/www.cudecoop.coop\/cudecoop\/wp-json\/wp\/v2\/tags?post=2677"}],"curies":[{"name":"wp","href":"https:\/\/api.w.org\/{rel}","templated":true}]}}