{"id":2673,"date":"2019-06-14T20:01:39","date_gmt":"2019-06-14T20:01:39","guid":{"rendered":"http:\/\/www.cudecoop.coop\/cudecoop\/?p=2673"},"modified":"2019-06-14T20:02:00","modified_gmt":"2019-06-14T20:02:00","slug":"formacion-de-dirigencia-cooperativa-2019","status":"publish","type":"post","link":"http:\/\/www.cudecoop.coop\/cudecoop\/formacion-de-dirigencia-cooperativa-2019\/","title":{"rendered":"Formaci\u00f3n de dirigencia cooperativa 2019"},"content":{"rendered":"<p>En el marco de la Escuela Nacional de Cooperativismo y con el objetivo de aportar en la formaci\u00f3n de la nueva dirigencia cooperativa, comienza el pr\u00f3ximo jueves 27 de junio la formaci\u00f3n 2019 para la alta dirigencia cooperativa.<\/p>\n<p>Se trata de un programa de formaci\u00f3n que est\u00e1 dirigido a cooperativistas que sean potencialmente quienes puedan encontrarse en la responsabilidad de conducci\u00f3n de las organizaciones gremiales cooperativas, o quienes ya se desempe\u00f1an tanto en la dirigencia gremial o como delegados del movimiento en la institucionalidad p\u00fablica.<\/p>\n<p>Esta resoluci\u00f3n surge a partir de las definiciones del Comit\u00e9 Ejecutivo de CUDECOOP y de las resoluciones de la Comisi\u00f3n Provisoria de la Escuela Nacional de Cooperativismo, que en funci\u00f3n de las actividades realizadas durante 2017 y 2018, se ha resuelto la realizaci\u00f3n de un curso de formaci\u00f3n para la alta dirigencia cooperativa.<\/p>\n<p>&nbsp;<\/p>\n<p><b>La forma en que se ha definido la participaci\u00f3n es la siguiente: <\/b><\/p>\n<p>Por federaci\u00f3n u organizaci\u00f3n socia, se deben enviar a tres personas para participar, de las cuales una debe ser una persona joven y otra mujer.<\/p>\n<p>Las personas destinatarias del presente curso ser\u00e1n indicados por cada organizaci\u00f3n asociada, en vista que a juicio de las mismas, cuentan con potencial y posibilidades de ocupar en el futuro lugares de direcci\u00f3n, tanto en sus federaciones como de la propia Confederaci\u00f3n.<\/p>\n<p><b>Objetivo general del curso:<\/b><\/p>\n<p>mejorar la formaci\u00f3n, capacidades y habilidades de la actual y futura dirigencia del cooperativismo nacional, ampliando el n\u00famero de personas con una base m\u00ednima necesaria para asumir los desaf\u00edos de la representaci\u00f3n gremial cooperativa y eventuales delegaciones ante diferentes organismos y organizaciones.<\/p>\n<p>&nbsp;<\/p>\n<p>El programa del curso se desarrollar\u00e1 durante junio y noviembre, trat\u00e1ndose de seis encuentros mensuales. Ser\u00e1 un jueves por mes de 18.30 a 20.30h<\/p>\n<p>Se trata de una capacitaci\u00f3n sin costo para quienes asistan<\/p>\n<p>Para obtener la certificaci\u00f3n es necesaria la asistencia al menos a 5 de las 6 clases.<\/p>\n<p>&nbsp;<\/p>\n<p>Detallamos aqu\u00ed la programaci\u00f3n:&nbsp; &nbsp;<\/p>\n<p><b>Clase 1 &#8211; 27 de junio <\/b><\/p>\n<p>Las Cooperativas a trav\u00e9s de las Cuatro Revoluciones Industriales: de los tejedores de Rochdale a las Cooperativas de Plataforma<\/p>\n<p><b>Clase 2 &#8211; 25 de julio&nbsp;&nbsp;&nbsp;&nbsp;&nbsp;&nbsp;&nbsp;&nbsp;&nbsp;&nbsp;&nbsp; <\/b><\/p>\n<p>Las claves de la Cooperaci\u00f3n: del grupo pre cooperativo a los Grupos Econ\u00f3micos Cooperativos.<\/p>\n<p><b>Clase 3 &#8211; 22 de agosto <\/b><\/p>\n<p>Las pol\u00edticas p\u00fablicas: palanca para el desarrollo Cooperativo.<\/p>\n<p><b>Clase 4 &#8211; 12 de setiembre <\/b><\/p>\n<p>La organizaci\u00f3n gremial cooperativa: de la Confederaci\u00f3n a la Alianza Cooperativa Internacional<\/p>\n<p><b>Clase 5 &#8211; 3 de octubre <\/b><\/p>\n<p>Taller sobre Comunicaci\u00f3n<\/p>\n<p><b>Clase 6 &#8211;&nbsp; 7 de noviembre <\/b><\/p>\n<p>Seminario sobre el Futuro del Trabajo y las Cooperativas del Futuro.<\/p>\n","protected":false},"excerpt":{"rendered":"<p>En el marco de la Escuela Nacional de Cooperativismo y con el objetivo de aportar en la formaci\u00f3n de la nueva dirigencia cooperativa, comienza el pr\u00f3ximo jueves 27 de junio la formaci\u00f3n 2019 para la alta dirigencia cooperativa. Se trata de un programa de formaci\u00f3n que est\u00e1 dirigido a cooperativistas que sean potencialmente quienes puedan encontrarse en la responsabilidad de conducci\u00f3n de las organizaciones gremiales cooperativas, o quienes ya se desempe\u00f1an tanto en la dirigencia gremial o como delegados del movimiento en la institucionalidad p\u00fablica. Esta resoluci\u00f3n surge a partir de las definiciones del Comit\u00e9 Ejecutivo de CUDECOOP y de [&#8230;]<\/p>\n","protected":false},"author":27,"featured_media":2674,"comment_status":"open","ping_status":"open","sticky":false,"template":"","format":"standard","meta":{"_acf_changed":false,"ngg_post_thumbnail":0,"footnotes":""},"categories":[7,6,1],"tags":[],"class_list":["post-2673","post","type-post","status-publish","format-standard","has-post-thumbnail","hentry","category-cooperativas","category-institucionales","category-noticias"],"acf":[],"_links":{"self":[{"href":"http:\/\/www.cudecoop.coop\/cudecoop\/wp-json\/wp\/v2\/posts\/2673","targetHints":{"allow":["GET"]}}],"collection":[{"href":"http:\/\/www.cudecoop.coop\/cudecoop\/wp-json\/wp\/v2\/posts"}],"about":[{"href":"http:\/\/www.cudecoop.coop\/cudecoop\/wp-json\/wp\/v2\/types\/post"}],"author":[{"embeddable":true,"href":"http:\/\/www.cudecoop.coop\/cudecoop\/wp-json\/wp\/v2\/users\/27"}],"replies":[{"embeddable":true,"href":"http:\/\/www.cudecoop.coop\/cudecoop\/wp-json\/wp\/v2\/comments?post=2673"}],"version-history":[{"count":2,"href":"http:\/\/www.cudecoop.coop\/cudecoop\/wp-json\/wp\/v2\/posts\/2673\/revisions"}],"predecessor-version":[{"id":2676,"href":"http:\/\/www.cudecoop.coop\/cudecoop\/wp-json\/wp\/v2\/posts\/2673\/revisions\/2676"}],"wp:featuredmedia":[{"embeddable":true,"href":"http:\/\/www.cudecoop.coop\/cudecoop\/wp-json\/wp\/v2\/media\/2674"}],"wp:attachment":[{"href":"http:\/\/www.cudecoop.coop\/cudecoop\/wp-json\/wp\/v2\/media?parent=2673"}],"wp:term":[{"taxonomy":"category","embeddable":true,"href":"http:\/\/www.cudecoop.coop\/cudecoop\/wp-json\/wp\/v2\/categories?post=2673"},{"taxonomy":"post_tag","embeddable":true,"href":"http:\/\/www.cudecoop.coop\/cudecoop\/wp-json\/wp\/v2\/tags?post=2673"}],"curies":[{"name":"wp","href":"https:\/\/api.w.org\/{rel}","templated":true}]}}