{"id":2661,"date":"2019-06-11T18:14:11","date_gmt":"2019-06-11T18:14:11","guid":{"rendered":"http:\/\/www.cudecoop.coop\/cudecoop\/?p=2661"},"modified":"2019-06-11T18:14:11","modified_gmt":"2019-06-11T18:14:11","slug":"la-cooperacion-es-lo-que-nos-une-y-da-fuerza","status":"publish","type":"post","link":"http:\/\/www.cudecoop.coop\/cudecoop\/la-cooperacion-es-lo-que-nos-une-y-da-fuerza\/","title":{"rendered":"&#8220;La cooperaci\u00f3n es lo que nos une y da fuerza&#8221;"},"content":{"rendered":"<p>En el marco de una recorrida por algunos pa\u00edses de Am\u00e9rica, entre ellos Brasil, Puerto Rico y Costa Rica, la Dra. Fern\u00e1ndez fue invitada por el&nbsp; vicepresidente de Costa Rica, Marvin Rodr\u00edguez Cordero, a intercambiar sobre los retos y la proyecci\u00f3n del cooperativismo americano.&nbsp;<\/p>\n<p>Dejamos aqu\u00ed las ideas principales que expuso Graciela Fern\u00e1ndez, en su rol de Presidenta de Cooperativas de las Am\u00e9ricas, en el intercambio con el mandatario costarricense.<\/p>\n<p><strong>Con respecto a la recorrida por Am\u00e9rica<\/strong><\/p>\n<p>La Presidenta comenz\u00f3 refiri\u00e9ndose sobre la importancia de la integraci\u00f3n cooperativa, &#8220;la agenda cooperativa est\u00e1 alineada con los Objetivos para el Desarrollo Sostenible que pronuncian las Naciones Unidas,&nbsp;ya que all\u00ed hay puntos clave que traducen las situaciones por las cuales atraviesa Am\u00e9rica: &#8220;es el fin de la pobreza, es el fin del hambre, es la equidad de g\u00e9nero, es el medio ambiente, es el trabajo decente; son todos temas que nos unen.&#8221;<\/p>\n<p>Tal como el Objetivo para el Desarrollo Sostenible n\u00b0 17 se\u00f1ala, desde la presidencia de Cooperativas de las Am\u00e9ricas, se est\u00e1 buscando por toda Am\u00e9rica generar alianzas estrat\u00e9gicas: &#8220;creemos que el cooperativismo en Am\u00e9rica, el cooperativismo en el mundo, debe lograr alianzas para avanzar, debe lograr alianzas con aquellas organizaciones y asociaciones que tengan el mismo tema que nosotros predicamos que nosotros aplicamos, que en el centro est\u00e9 el ser humano, y que el mismo aplique la econom\u00eda que representamos, una econom\u00eda social y solidaria que le logre bienestar. Para esto la integraci\u00f3n es un factor clave, es la cooperaci\u00f3n entre el sistema cooperativo y las organizaciones de la econom\u00eda social y solidaria. Creemos que la cooperaci\u00f3n es la palanca que nos da fuerzas.&#8221;<\/p>\n<p>&nbsp;<\/p>\n<p><strong>S<\/strong><strong>ituaci\u00f3n del empleo en Am\u00e9rica<\/strong><\/p>\n<p>Por otro lado, se destac\u00f3 la situaci\u00f3n del trabajo en Am\u00e9rica, y el potencial que tienen las cooperativas en ese sentido, &#8220;Am\u00e9rica tiene grandes incertidumbres frente a los temas de trabajo y empleo con una desocupaci\u00f3n muy importante que adem\u00e1s est\u00e1 mayormente representada en j\u00f3venes y mujeres. Seg\u00fan las \u00faltimas informaciones de la Organizaci\u00f3n Internacional del Trabajo (OIT)&#8221;<\/p>\n<p>&#8220;El cooperativismo es una herramienta de inclusi\u00f3n social y de formalidad para lograr un trabajo decente, un trabajo digno, un trabajo amparado socialmente d\u00e1ndole una estructura muy especial porque el cooperativismo ha creado fuentes de trabajo, en territorios y localidades para desarrollarlas en aquel lugar donde han fracasado otros con sociedades y empresas tradicionales, de origen estrictamente capitalista y sociedades comerciales y tambi\u00e9n ha logrado incorporar sectores de poblaci\u00f3n altamente vulnerable y sujeta a grandes desigualdades; por lo tanto nosotros creemos que tenemos un instrumento democr\u00e1tico de inclusi\u00f3n social y de inclusi\u00f3n del desarrollo econ\u00f3mico, para el cooperativismo y para el trabajo est\u00e1n atados esos dos conceptos.&#8221;<\/p>\n<p>&nbsp;<\/p>\n<p><strong>XXI Conferencia de Cooperativas de las Am\u00e9ricas<\/strong><\/p>\n<p>Con respecto al evento que se lleva a cabo en Costa Rica del 18 al 22 de noviembre, Fer\u00e1ndez destac\u00f3 que &#8220;hoy el cooperativismo como n\u00facleo central est\u00e1 sometido a cambios importantes, hay desaf\u00edos globales muy importantes que impactan sobre el movimiento cooperativo y nosotros debemos reunirnos, dialogar, intercambiar, prepararnos, educarnos y capacitarnos para ver c\u00f3mo nos paramos ante este impacto.&#8221;&nbsp;<\/p>\n<p>Adem\u00e1s, refiri\u00e9ndose al motivo de porque se realiza la Conferencia en Costa Rica, &#8220;hist\u00f3ricamente tiene un movimiento cooperativo desarrollado con un n\u00famero muy importante de acuerdo a su poblaci\u00f3n, ha tenido un desarrollo importante en empresas con presencia importante de todos los sectores, hasta sectores que en otros pa\u00edses de Am\u00e9rica no se ven entonces creemos que es un lugar para que nosotros vengamos el resto de Am\u00e9rica a ver que nos puede aportar Costa Rica en estos cambios y mantener nuestra sostenibilidad. Costa Rica debe escuchar lo que el resto del movimiento cooperativo de Am\u00e9rica tiene para brindarle, tiene para se\u00f1alarle. Costa Rica tiene una legislaci\u00f3n en el tema cooperativo de muchos a\u00f1os que necesita cambios, Cooperativa de las Am\u00e9ricas tiene un modelo estudiado por quienes conforman parte&nbsp; los grupos de derecho cooperativos y legislaciones desarrolladas y estudiadas por Cooperativa de las Am\u00e9ricas que deben ser adaptadas por supuesto a cada lugar y este va a ser un buen lugar para intercambiar, para que el movimiento cooperativo de Costa Rica se nutra, escuche, se enriquezca y pueda traducir lo que necesita.&#8221;<\/p>\n<p>&nbsp;<\/p>\n<p><a href=\"https:\/\/www.facebook.com\/MarvinRodriguezVicepresidente\/videos\/1068467920030002\/?__tn__=kCH-R&amp;eid=ARCGSYQONK_ERc7Ho3m8-EDKAn09shI3uZqRUmEIjqbCzii6zob35oR1_--5i3XydeBKm4IOq9fKRs5W&amp;hc_ref=ARTDPZvcEv7gnIanMsEp3jzFp9sGEaiKCmUeHpbfT2x8ZJdWqZFHfclXA8qCIeHc2PM&amp;__xts__[0]=68.ARD2QEZaN4hkQcqmaODtzZ3YswUrWwXnWj_qX5GCNaHnAaFOQCFpvscqHAE_9QGGdFIy0Pzuhk6DeGPR6sMdiek-lzHGawdYri5WdTlGm1yYyIcK1hw6R5LAJaETeiPECfl4JCTD1vdi7yECZJwW13gaStMj-C5qyT6xKwfJuH8hEjRfXD_ohlityGI2SMkTQRxfWAEHOul39HnAvcYJm6Ut6jBYx3_oBQ2O0-clvOOf4TCA_10EmeBQ9jQkwMw96o6dTnXahQQvLE-jVRbUXuCWVzRD3-nyeIz3iZ1jmPORKAs8ScGwsd4rAac9jZGsYn9QvZ93RgPvf1hFO9SG1OGpASDV-Cof4JxauQsQYA3BgK2wQgxNFo3dtcc9foEyXBfCHpNnhBCmFMAKuaWURFQnKPWLwwmUmwCJD7Ea5ud2CHNRu5SrYqZzbwLAaCjJTaNF_ye9uS-6YwazUmwFd2d48S1p1WKGtvvbtQtgiwE-qDaBo4LlCYF5vGyn7zh0aVFZ5w\">Dejamos aqu\u00ed el link de la transmisi\u00f3n que se realiz\u00f3 por Facebook<\/a><\/p>\n<p>&nbsp;<\/p>\n<p>&nbsp;<\/p>\n","protected":false},"excerpt":{"rendered":"<p>En el marco de una recorrida por algunos pa\u00edses de Am\u00e9rica, entre ellos Brasil, Puerto Rico y Costa Rica, la Dra. Fern\u00e1ndez fue invitada por el&nbsp; vicepresidente de Costa Rica, Marvin Rodr\u00edguez Cordero, a intercambiar sobre los retos y la proyecci\u00f3n del cooperativismo americano.&nbsp; Dejamos aqu\u00ed las ideas principales que expuso Graciela Fern\u00e1ndez, en su rol de Presidenta de Cooperativas de las Am\u00e9ricas, en el intercambio con el mandatario costarricense. Con respecto a la recorrida por Am\u00e9rica La Presidenta comenz\u00f3 refiri\u00e9ndose sobre la importancia de la integraci\u00f3n cooperativa, &#8220;la agenda cooperativa est\u00e1 alineada con los Objetivos para el Desarrollo Sostenible [&#8230;]<\/p>\n","protected":false},"author":27,"featured_media":2662,"comment_status":"open","ping_status":"open","sticky":false,"template":"","format":"standard","meta":{"_acf_changed":false,"ngg_post_thumbnail":0,"footnotes":""},"categories":[7,6,1],"tags":[],"class_list":["post-2661","post","type-post","status-publish","format-standard","has-post-thumbnail","hentry","category-cooperativas","category-institucionales","category-noticias"],"acf":[],"_links":{"self":[{"href":"http:\/\/www.cudecoop.coop\/cudecoop\/wp-json\/wp\/v2\/posts\/2661","targetHints":{"allow":["GET"]}}],"collection":[{"href":"http:\/\/www.cudecoop.coop\/cudecoop\/wp-json\/wp\/v2\/posts"}],"about":[{"href":"http:\/\/www.cudecoop.coop\/cudecoop\/wp-json\/wp\/v2\/types\/post"}],"author":[{"embeddable":true,"href":"http:\/\/www.cudecoop.coop\/cudecoop\/wp-json\/wp\/v2\/users\/27"}],"replies":[{"embeddable":true,"href":"http:\/\/www.cudecoop.coop\/cudecoop\/wp-json\/wp\/v2\/comments?post=2661"}],"version-history":[{"count":1,"href":"http:\/\/www.cudecoop.coop\/cudecoop\/wp-json\/wp\/v2\/posts\/2661\/revisions"}],"predecessor-version":[{"id":2663,"href":"http:\/\/www.cudecoop.coop\/cudecoop\/wp-json\/wp\/v2\/posts\/2661\/revisions\/2663"}],"wp:featuredmedia":[{"embeddable":true,"href":"http:\/\/www.cudecoop.coop\/cudecoop\/wp-json\/wp\/v2\/media\/2662"}],"wp:attachment":[{"href":"http:\/\/www.cudecoop.coop\/cudecoop\/wp-json\/wp\/v2\/media?parent=2661"}],"wp:term":[{"taxonomy":"category","embeddable":true,"href":"http:\/\/www.cudecoop.coop\/cudecoop\/wp-json\/wp\/v2\/categories?post=2661"},{"taxonomy":"post_tag","embeddable":true,"href":"http:\/\/www.cudecoop.coop\/cudecoop\/wp-json\/wp\/v2\/tags?post=2661"}],"curies":[{"name":"wp","href":"https:\/\/api.w.org\/{rel}","templated":true}]}}