{"id":2655,"date":"2019-06-06T16:13:37","date_gmt":"2019-06-06T16:13:37","guid":{"rendered":"http:\/\/www.cudecoop.coop\/cudecoop\/?p=2655"},"modified":"2019-06-06T16:18:40","modified_gmt":"2019-06-06T16:18:40","slug":"2655-2","status":"publish","type":"post","link":"http:\/\/www.cudecoop.coop\/cudecoop\/2655-2\/","title":{"rendered":"Cooperativismo en la Conferencia Internacional del Trabajo"},"content":{"rendered":"<p>De cara la Conferencia Internacional del Trabajo que se realiza del 10 al 21 de junio de este a\u00f1o, Cooperativas de las Am\u00e9ricas se encuentra apoyando al sector cooperativo para incidir en el posicionamiento final de dicho evento.&nbsp;<\/p>\n<p>En com\u00fan acuerdo entre todos los pa\u00edses, liderado por la Alianza Cooperativa Internacional, se busca incidir en las organizaciones ministeriales de Trabajo y sindicales.&nbsp; A nivel de Uruguay, en voz de Graciela Fern\u00e1ndez como presidenta de Cooperativas de las Am\u00e9ricas, se envi\u00f3 las notas pertinentes a cada espacio. Dejamos aqu\u00ed la nota enviada al ministro de Trabajo y Seguridad Social, Ernesto Murro, y al subsecretario de Trabajo y Seguridad Social, Nelson Loustaunau.&nbsp;<\/p>\n<p>En la misma se detalla que la Alianza Cooperativa Internacional (ACI) ha recibido con benepl\u00e1cito el&nbsp;borrador de Declaraci\u00f3n que se estar\u00e1 trabajando en Ginebra, ya que contiene compromisos importantes como: (a) contar con una agenda centrada en el ser&nbsp;humano al enfocar los esfuerzos en reducir las desigualdades, en particular entre&nbsp;los grupos m\u00e1s vulnerables; (b) garantizar una buena gobernanza en los procesos&nbsp;de la OIT, basada en la igualdad y la participaci\u00f3n democr\u00e1tica para&nbsp;salvaguardar un \u201cfuturo del trabajo m\u00e1s justo, inclusivo y seguro\u201d; y (c) procurar&nbsp;\u201cuna protecci\u00f3n adecuada a todos los trabajadores\u201d, a trav\u00e9s de la&nbsp;implementaci\u00f3n de una \u201cprotecci\u00f3n social universal, completa y sostenible\u201d.<\/p>\n<p>En vista de las coincidencias program\u00e1ticas con la Declaraci\u00f3n, considerando el&nbsp;papel al que han sido convocadas las cooperativas del planeta para el logro<br \/>\nefectivo de la Agenda 2030 de las Naciones Unidas, y teniendo en cuenta que el&nbsp;borrador no hace menci\u00f3n expl\u00edcita a las Cooperativas ni a la Econom\u00eda Social&nbsp;como actores claves que los Estados deben proteger y desarrollar como lo se\u00f1ala&nbsp;la propia Recomendaci\u00f3n 193 de OIT, la Alianza Cooperativa Internacional est\u00e1&nbsp;proponiendo tres modificaciones que permitan potenciar el reconocimiento y rol&nbsp;de las cooperativas y el conjunto de la Econom\u00eda Social:&nbsp;<\/p>\n<p>Enmienda 1 \u2013 Punto II. A. (vii) promover un entorno favorable a la iniciativa<br \/>\nempresarial, la innovaci\u00f3n y las empresas sostenibles, <span style=\"color: #ff0000;\">incluidas las cooperativas y&nbsp;la economia social y solidaria en general<\/span> (se agrega) <del>empresas sociales<\/del> (se&nbsp;suprime) y las microempresas y peque\u00f1as y medianas empresas a fin de crear trabajo decente, fomentar la eficiencia productiva y mejorar los niveles de vida;<\/p>\n<p>Enmienda 2 \u2013 Punto II. A.(ix) lograr la reducci\u00f3n y, a la larga la eliminaci\u00f3n de la<br \/>\ninformalidad, <span style=\"color: #ff0000;\">en particular a trav\u00e9s de las cooperativas<\/span>. (se agrega)<\/p>\n<p>Enmienda 3 \u2013 Punto III C. (iii) La Conferencia exhorta a todos los Estados Miembros&nbsp;a que colaboren individual y colectivamente, bas\u00e1ndose en el tripartismo, con el&nbsp;fin de impulsar un enfoque del futuro del trabajo centrado en las personas&nbsp;mediante (\u2026) El fomento del empleo productivo y el trabajo decente a trav\u00e9s de&nbsp;(..) pol\u00edticas e incentivos que promuevan el crecimiento inclusivo mediante la creaci\u00f3n de empresas y la formalizaci\u00f3n y que ajusten las pr\u00e1cticas empresariales&nbsp;a los objetivos de este enfoque, <span style=\"color: #ff0000;\">en particular las pol\u00edticas relativas a las&nbsp;cooperativas, incluida su funci\u00f3n en la agrupaci\u00f3n [clustering] de PYMEs<\/span>. (se&nbsp;agrega)<\/p>\n<p>Recordando que las cooperativas emplean a cerca del 10% de la poblaci\u00f3n<br \/>\necon\u00f3micamente activa del planeta (cerca de 300 millones de personas) y que&nbsp;en el continente representamos cerca de 6 millones de empleos; en vista que&nbsp;nuestras organizaciones son actores claves para asegurar un futuro del trabajo&nbsp;enmarcado en las claves que procura asegurar la OIT: Pleno Empleo, Trabajo Decente, Seguridad y Salud Laboral, Oportunidades para los J\u00f3venes, Igualdad&nbsp;Salarial para las Mujeres, Iguales oportunidades para los discapacitados, etc.,&nbsp;agradecemos los esfuerzos que el Gobierno de la Rep\u00fablica Oriental del Uruguay pueda desarrollar en el marco de la Conferencia de OIT para visibilizar la contribuci\u00f3n de las cooperativas en la Declaraci\u00f3n del Centenario.<\/p>\n<p>Adjuntamos la nota enviada la Ministerio<\/p>\n<p><a href=\"http:\/\/www.cudecoop.coop\/cudecoop\/wp-content\/uploads\/2019\/06\/ACI-20-2019.pdf\">ACI-20-2019<\/a><\/p>\n<p>&nbsp;<\/p>\n","protected":false},"excerpt":{"rendered":"<p>De cara la Conferencia Internacional del Trabajo que se realiza del 10 al 21 de junio de este a\u00f1o, Cooperativas de las Am\u00e9ricas se encuentra apoyando al sector cooperativo para incidir en el posicionamiento final de dicho evento.&nbsp; En com\u00fan acuerdo entre todos los pa\u00edses, liderado por la Alianza Cooperativa Internacional, se busca incidir en las organizaciones ministeriales de Trabajo y sindicales.&nbsp; A nivel de Uruguay, en voz de Graciela Fern\u00e1ndez como presidenta de Cooperativas de las Am\u00e9ricas, se envi\u00f3 las notas pertinentes a cada espacio. Dejamos aqu\u00ed la nota enviada al ministro de Trabajo y Seguridad Social, Ernesto Murro, [&#8230;]<\/p>\n","protected":false},"author":27,"featured_media":2657,"comment_status":"open","ping_status":"open","sticky":false,"template":"","format":"standard","meta":{"_acf_changed":false,"ngg_post_thumbnail":0,"footnotes":""},"categories":[7,6,1],"tags":[],"class_list":["post-2655","post","type-post","status-publish","format-standard","has-post-thumbnail","hentry","category-cooperativas","category-institucionales","category-noticias"],"acf":[],"_links":{"self":[{"href":"http:\/\/www.cudecoop.coop\/cudecoop\/wp-json\/wp\/v2\/posts\/2655","targetHints":{"allow":["GET"]}}],"collection":[{"href":"http:\/\/www.cudecoop.coop\/cudecoop\/wp-json\/wp\/v2\/posts"}],"about":[{"href":"http:\/\/www.cudecoop.coop\/cudecoop\/wp-json\/wp\/v2\/types\/post"}],"author":[{"embeddable":true,"href":"http:\/\/www.cudecoop.coop\/cudecoop\/wp-json\/wp\/v2\/users\/27"}],"replies":[{"embeddable":true,"href":"http:\/\/www.cudecoop.coop\/cudecoop\/wp-json\/wp\/v2\/comments?post=2655"}],"version-history":[{"count":3,"href":"http:\/\/www.cudecoop.coop\/cudecoop\/wp-json\/wp\/v2\/posts\/2655\/revisions"}],"predecessor-version":[{"id":2660,"href":"http:\/\/www.cudecoop.coop\/cudecoop\/wp-json\/wp\/v2\/posts\/2655\/revisions\/2660"}],"wp:featuredmedia":[{"embeddable":true,"href":"http:\/\/www.cudecoop.coop\/cudecoop\/wp-json\/wp\/v2\/media\/2657"}],"wp:attachment":[{"href":"http:\/\/www.cudecoop.coop\/cudecoop\/wp-json\/wp\/v2\/media?parent=2655"}],"wp:term":[{"taxonomy":"category","embeddable":true,"href":"http:\/\/www.cudecoop.coop\/cudecoop\/wp-json\/wp\/v2\/categories?post=2655"},{"taxonomy":"post_tag","embeddable":true,"href":"http:\/\/www.cudecoop.coop\/cudecoop\/wp-json\/wp\/v2\/tags?post=2655"}],"curies":[{"name":"wp","href":"https:\/\/api.w.org\/{rel}","templated":true}]}}