{"id":2651,"date":"2019-06-06T15:43:47","date_gmt":"2019-06-06T15:43:47","guid":{"rendered":"http:\/\/www.cudecoop.coop\/cudecoop\/?p=2651"},"modified":"2019-06-06T15:43:47","modified_gmt":"2019-06-06T15:43:47","slug":"asamblea-general-ordinaria-de-cudecoop-2","status":"publish","type":"post","link":"http:\/\/www.cudecoop.coop\/cudecoop\/asamblea-general-ordinaria-de-cudecoop-2\/","title":{"rendered":"Asamblea General Ordinaria de CUDECOOP"},"content":{"rendered":"<p style=\"font-weight: 400;\"><strong>LLAMADO ASAMBLEA GENERAL ORDINARIA 2019<\/strong><\/p>\n<p style=\"font-weight: 400;\">&nbsp;<\/p>\n<p style=\"font-weight: 400;\">El Consejo Directivo de la Confederaci\u00f3n Uruguaya de Entidades Cooperativas, cumpliendo con los art\u00edculos 28 y 30 de sus estatutos, convoca a sus asociados a la Asamblea General Ordinaria a realizarse el&nbsp;<strong>d\u00eda 28 de junio de 2019 en la Sede de CUDECOOP ubicada en Av. 18 de Julio 948 oficina 502<\/strong>, Montevideo.<\/p>\n<p style=\"font-weight: 400;\">&nbsp;<\/p>\n<p style=\"font-weight: 400;\"><strong>Orden del D\u00eda:<\/strong><\/p>\n<ol>\n<li style=\"font-weight: 400;\">Consideraci\u00f3n del Acta anterior<\/li>\n<li style=\"font-weight: 400;\">Informe de la Comisi\u00f3n Fiscal<\/li>\n<li style=\"font-weight: 400;\">Memoria Anual Ejercicio 2018<\/li>\n<li style=\"font-weight: 400;\">Estados Contables Ejercicio 2018<\/li>\n<li style=\"font-weight: 400;\">Distribuci\u00f3n de excedentes o financiaci\u00f3n de p\u00e9rdidas<\/li>\n<li style=\"font-weight: 400;\">Fijaci\u00f3n de pol\u00edticas y planes para el nuevo ejercicio<\/li>\n<\/ol>\n<p style=\"font-weight: 400;\">1\u00aa Convocatoria \u2013 hora 17:00<\/p>\n<p style=\"font-weight: 400;\">2\u00aa Convocatoria \u2013 hora 18:00<\/p>\n<p><a href=\"http:\/\/www.cudecoop.coop\/cudecoop\/wp-content\/uploads\/2019\/06\/LLamado_Asamblea_Cudecoop.pdf\">LLamado_Asamblea_Cudecoop<\/a><\/p>\n","protected":false},"excerpt":{"rendered":"<p>LLAMADO ASAMBLEA GENERAL ORDINARIA 2019 &nbsp; El Consejo Directivo de la Confederaci\u00f3n Uruguaya de Entidades Cooperativas, cumpliendo con los art\u00edculos 28 y 30 de sus estatutos, convoca a sus asociados a la Asamblea General Ordinaria a realizarse el&nbsp;d\u00eda 28 de junio de 2019 en la Sede de CUDECOOP ubicada en Av. 18 de Julio 948 oficina 502, Montevideo. &nbsp; Orden del D\u00eda: Consideraci\u00f3n del Acta anterior Informe de la Comisi\u00f3n Fiscal Memoria Anual Ejercicio 2018 Estados Contables Ejercicio 2018 Distribuci\u00f3n de excedentes o financiaci\u00f3n de p\u00e9rdidas Fijaci\u00f3n de pol\u00edticas y planes para el nuevo ejercicio 1\u00aa Convocatoria \u2013 hora 17:00 [&#8230;]<\/p>\n","protected":false},"author":27,"featured_media":2653,"comment_status":"open","ping_status":"open","sticky":false,"template":"","format":"standard","meta":{"_acf_changed":false,"ngg_post_thumbnail":0,"footnotes":""},"categories":[7,6,1],"tags":[],"class_list":["post-2651","post","type-post","status-publish","format-standard","has-post-thumbnail","hentry","category-cooperativas","category-institucionales","category-noticias"],"acf":[],"_links":{"self":[{"href":"http:\/\/www.cudecoop.coop\/cudecoop\/wp-json\/wp\/v2\/posts\/2651","targetHints":{"allow":["GET"]}}],"collection":[{"href":"http:\/\/www.cudecoop.coop\/cudecoop\/wp-json\/wp\/v2\/posts"}],"about":[{"href":"http:\/\/www.cudecoop.coop\/cudecoop\/wp-json\/wp\/v2\/types\/post"}],"author":[{"embeddable":true,"href":"http:\/\/www.cudecoop.coop\/cudecoop\/wp-json\/wp\/v2\/users\/27"}],"replies":[{"embeddable":true,"href":"http:\/\/www.cudecoop.coop\/cudecoop\/wp-json\/wp\/v2\/comments?post=2651"}],"version-history":[{"count":1,"href":"http:\/\/www.cudecoop.coop\/cudecoop\/wp-json\/wp\/v2\/posts\/2651\/revisions"}],"predecessor-version":[{"id":2654,"href":"http:\/\/www.cudecoop.coop\/cudecoop\/wp-json\/wp\/v2\/posts\/2651\/revisions\/2654"}],"wp:featuredmedia":[{"embeddable":true,"href":"http:\/\/www.cudecoop.coop\/cudecoop\/wp-json\/wp\/v2\/media\/2653"}],"wp:attachment":[{"href":"http:\/\/www.cudecoop.coop\/cudecoop\/wp-json\/wp\/v2\/media?parent=2651"}],"wp:term":[{"taxonomy":"category","embeddable":true,"href":"http:\/\/www.cudecoop.coop\/cudecoop\/wp-json\/wp\/v2\/categories?post=2651"},{"taxonomy":"post_tag","embeddable":true,"href":"http:\/\/www.cudecoop.coop\/cudecoop\/wp-json\/wp\/v2\/tags?post=2651"}],"curies":[{"name":"wp","href":"https:\/\/api.w.org\/{rel}","templated":true}]}}