{"id":2648,"date":"2019-06-06T15:30:19","date_gmt":"2019-06-06T15:30:19","guid":{"rendered":"http:\/\/www.cudecoop.coop\/cudecoop\/?p=2648"},"modified":"2019-06-28T23:01:37","modified_gmt":"2019-06-28T23:01:37","slug":"dia-de-las-cooperativas-2019","status":"publish","type":"post","link":"http:\/\/www.cudecoop.coop\/cudecoop\/dia-de-las-cooperativas-2019\/","title":{"rendered":"D\u00eda de las cooperativas 2019"},"content":{"rendered":"<p>Como cada primer s\u00e1bado de Julio, este s\u00e1bado 6, festejaremos el D\u00eda Internacional de las Cooperativas <strong>#CoopsDay<\/strong><\/p>\n<p>El movimiento cooperativo uruguayo se adhiere al lema internacional propuesto por la Alianza Cooperativa Internacional,&nbsp;<strong>Cooperativas por el trabajo digno.&nbsp;<\/strong><\/p>\n<p>Con este lema lo que se busca es destacar que las&nbsp;cooperativas son empresas centradas en las personas, que se caracterizan por el control democr\u00e1tico que da prioridad al desarrollo humano y la justicia social en el lugar de trabajo.<\/p>\n<p>Este a\u00f1o, por ser Canelones Capital del Cooperativismo, el D\u00eda de las cooperativas, se festejar\u00e1 en la Ciudad de Canelones.&nbsp;<\/p>\n<p>La cita est\u00e1 dada en la Sala Lumi\u00e8re de la Ciudad de Canelones, a las 10h.&nbsp;<\/p>\n<p>Desde Montevideo saldr\u00e1 un \u00f3mnibus para quien quiera trasladarse hasta la actividad.<\/p>\n<p>Sale a las 8 h desde la puerta de Cudecoop y vuelve a salir a las 14h desde Canelones hasta el mismo lugar.&nbsp; Para reservar lugar debe enviar un mail a proregio@cudecoop.coop indicando nombre, organizaci\u00f3n a la que pertenece y celular, de todas las personas que concurran.&nbsp;<\/p>\n<p>Adem\u00e1s en las&nbsp;semanas previas a la actividad la Intendencia de Canelones estar\u00e1 desarrollando talleres de&nbsp;muralismo con j\u00f3venes, con la excusa del D\u00eda Internacional de las Cooperativas con&nbsp;posibles intervenciones en espacios p\u00fablicos de la Ciudad de Canelones.<\/p>\n<p>Tambi\u00e9n durante el evento, fuera de la sala se desarrollar\u00e1n&nbsp;actividades para ni\u00f1as y ni\u00f1os con rincones con juegos.&nbsp;El Brindis ser\u00e1 proporcionado por cooperativas del Departamento.<\/p>\n<p>En la tarde est\u00e1 prevista la realizaci\u00f3n de actividades de intercambio y recreaci\u00f3n en&nbsp;las sedes de cooperativas de Ciudad de Canelones.<\/p>\n","protected":false},"excerpt":{"rendered":"<p>Como cada primer s\u00e1bado de Julio, este s\u00e1bado 6, festejaremos el D\u00eda Internacional de las Cooperativas #CoopsDay El movimiento cooperativo uruguayo se adhiere al lema internacional propuesto por la Alianza Cooperativa Internacional,&nbsp;Cooperativas por el trabajo digno.&nbsp; Con este lema lo que se busca es destacar que las&nbsp;cooperativas son empresas centradas en las personas, que se caracterizan por el control democr\u00e1tico que da prioridad al desarrollo humano y la justicia social en el lugar de trabajo. Este a\u00f1o, por ser Canelones Capital del Cooperativismo, el D\u00eda de las cooperativas, se festejar\u00e1 en la Ciudad de Canelones.&nbsp; La cita est\u00e1 dada en [&#8230;]<\/p>\n","protected":false},"author":27,"featured_media":2689,"comment_status":"open","ping_status":"open","sticky":false,"template":"","format":"standard","meta":{"_acf_changed":false,"ngg_post_thumbnail":0,"footnotes":""},"categories":[7,6,1],"tags":[],"class_list":["post-2648","post","type-post","status-publish","format-standard","has-post-thumbnail","hentry","category-cooperativas","category-institucionales","category-noticias"],"acf":[],"_links":{"self":[{"href":"http:\/\/www.cudecoop.coop\/cudecoop\/wp-json\/wp\/v2\/posts\/2648","targetHints":{"allow":["GET"]}}],"collection":[{"href":"http:\/\/www.cudecoop.coop\/cudecoop\/wp-json\/wp\/v2\/posts"}],"about":[{"href":"http:\/\/www.cudecoop.coop\/cudecoop\/wp-json\/wp\/v2\/types\/post"}],"author":[{"embeddable":true,"href":"http:\/\/www.cudecoop.coop\/cudecoop\/wp-json\/wp\/v2\/users\/27"}],"replies":[{"embeddable":true,"href":"http:\/\/www.cudecoop.coop\/cudecoop\/wp-json\/wp\/v2\/comments?post=2648"}],"version-history":[{"count":3,"href":"http:\/\/www.cudecoop.coop\/cudecoop\/wp-json\/wp\/v2\/posts\/2648\/revisions"}],"predecessor-version":[{"id":2691,"href":"http:\/\/www.cudecoop.coop\/cudecoop\/wp-json\/wp\/v2\/posts\/2648\/revisions\/2691"}],"wp:featuredmedia":[{"embeddable":true,"href":"http:\/\/www.cudecoop.coop\/cudecoop\/wp-json\/wp\/v2\/media\/2689"}],"wp:attachment":[{"href":"http:\/\/www.cudecoop.coop\/cudecoop\/wp-json\/wp\/v2\/media?parent=2648"}],"wp:term":[{"taxonomy":"category","embeddable":true,"href":"http:\/\/www.cudecoop.coop\/cudecoop\/wp-json\/wp\/v2\/categories?post=2648"},{"taxonomy":"post_tag","embeddable":true,"href":"http:\/\/www.cudecoop.coop\/cudecoop\/wp-json\/wp\/v2\/tags?post=2648"}],"curies":[{"name":"wp","href":"https:\/\/api.w.org\/{rel}","templated":true}]}}