{"id":2645,"date":"2019-06-06T14:46:46","date_gmt":"2019-06-06T14:46:46","guid":{"rendered":"http:\/\/www.cudecoop.coop\/cudecoop\/?p=2645"},"modified":"2019-06-06T14:46:46","modified_gmt":"2019-06-06T14:46:46","slug":"el-cooperativismo-estara-presente-en-la-expo-innovacion","status":"publish","type":"post","link":"http:\/\/www.cudecoop.coop\/cudecoop\/el-cooperativismo-estara-presente-en-la-expo-innovacion\/","title":{"rendered":"El cooperativismo estar\u00e1 presente en la Expo Innovaci\u00f3n"},"content":{"rendered":"<p class=\"font_8\">El pr\u00f3ximo s\u00e1bado 8 de junio a las 10 horas dar\u00e1 comienzo el evento en Antel Arena. Se trata de una iniciativa que tiene como objetivo mostrar al p\u00fablico los avances que nuestro pa\u00eds ha tenido en todas las \u00e1reas de la producci\u00f3n, tanto a nivel industrial, tecnol\u00f3gico, log\u00edstico, cultural, cient\u00edfico o de servicios.&nbsp;<\/p>\n<p class=\"font_8\">M\u00e1s de 150 estands ofrecer\u00e1n a los visitantes un espacio donde podr\u00e1n conocer de primera mano la \u00faltima tecnolog\u00eda y los proyectos innovadores de las instituciones y empresas uruguayas.&nbsp;<br \/>\n&nbsp;<\/p>\n<p class=\"font_8\">El Instituto Nacional del Cooperativismo, a trav\u00e9s del Fondo para el Desarrollo (FONDES \u2013 INACOOP), junto a la Confederaci\u00f3n Uruguaya de Entidades Cooperativas (CUDECOOP) y la primera incubadora de cooperativas de base tecnol\u00f3gica INCUBACOOP, se ubicar\u00e1n en el estand de Transforma Uruguay.&nbsp;<\/p>\n<p class=\"font_8\">Se mostrar\u00e1 la capacidad innovadora del sistema cooperativo y el entramado de apoyos institucionales para su desarrollo. Un recorrido por el cooperativismo, a trav\u00e9s de la tecnolog\u00eda de la realidad aumentada, y la presentaci\u00f3n de los distintos emprendimientos, revelar\u00e1n los avances del cooperativismo en nuestro pa\u00eds.<\/p>\n<p class=\"font_8\">El evento se realiza&nbsp;del 8 al 16 de junio&nbsp;de lunes a jueves de 14 a 20 horas y viernes, s\u00e1bados y domingos de 10 a 21 horas.&nbsp;<\/p>\n<p class=\"font_8\">M\u00e1s informaci\u00f3n&nbsp;<a href=\"http:\/\/expoinnovacion.uy\/\" target=\"_blank\" rel=\"noopener undefined\" data-content=\"http:\/\/expoinnovacion.uy\/\" data-type=\"external\">aqu\u00ed<\/a><\/p>\n","protected":false},"excerpt":{"rendered":"<p>El pr\u00f3ximo s\u00e1bado 8 de junio a las 10 horas dar\u00e1 comienzo el evento en Antel Arena. Se trata de una iniciativa que tiene como objetivo mostrar al p\u00fablico los avances que nuestro pa\u00eds ha tenido en todas las \u00e1reas de la producci\u00f3n, tanto a nivel industrial, tecnol\u00f3gico, log\u00edstico, cultural, cient\u00edfico o de servicios.&nbsp; M\u00e1s de 150 estands ofrecer\u00e1n a los visitantes un espacio donde podr\u00e1n conocer de primera mano la \u00faltima tecnolog\u00eda y los proyectos innovadores de las instituciones y empresas uruguayas.&nbsp;<br \/> &nbsp; El Instituto Nacional del Cooperativismo, a trav\u00e9s del Fondo para el Desarrollo (FONDES \u2013 INACOOP), [&#8230;]<\/p>\n","protected":false},"author":27,"featured_media":2646,"comment_status":"open","ping_status":"open","sticky":false,"template":"","format":"standard","meta":{"_acf_changed":false,"ngg_post_thumbnail":0,"footnotes":""},"categories":[7,6,1],"tags":[],"class_list":["post-2645","post","type-post","status-publish","format-standard","has-post-thumbnail","hentry","category-cooperativas","category-institucionales","category-noticias"],"acf":[],"_links":{"self":[{"href":"http:\/\/www.cudecoop.coop\/cudecoop\/wp-json\/wp\/v2\/posts\/2645","targetHints":{"allow":["GET"]}}],"collection":[{"href":"http:\/\/www.cudecoop.coop\/cudecoop\/wp-json\/wp\/v2\/posts"}],"about":[{"href":"http:\/\/www.cudecoop.coop\/cudecoop\/wp-json\/wp\/v2\/types\/post"}],"author":[{"embeddable":true,"href":"http:\/\/www.cudecoop.coop\/cudecoop\/wp-json\/wp\/v2\/users\/27"}],"replies":[{"embeddable":true,"href":"http:\/\/www.cudecoop.coop\/cudecoop\/wp-json\/wp\/v2\/comments?post=2645"}],"version-history":[{"count":1,"href":"http:\/\/www.cudecoop.coop\/cudecoop\/wp-json\/wp\/v2\/posts\/2645\/revisions"}],"predecessor-version":[{"id":2647,"href":"http:\/\/www.cudecoop.coop\/cudecoop\/wp-json\/wp\/v2\/posts\/2645\/revisions\/2647"}],"wp:featuredmedia":[{"embeddable":true,"href":"http:\/\/www.cudecoop.coop\/cudecoop\/wp-json\/wp\/v2\/media\/2646"}],"wp:attachment":[{"href":"http:\/\/www.cudecoop.coop\/cudecoop\/wp-json\/wp\/v2\/media?parent=2645"}],"wp:term":[{"taxonomy":"category","embeddable":true,"href":"http:\/\/www.cudecoop.coop\/cudecoop\/wp-json\/wp\/v2\/categories?post=2645"},{"taxonomy":"post_tag","embeddable":true,"href":"http:\/\/www.cudecoop.coop\/cudecoop\/wp-json\/wp\/v2\/tags?post=2645"}],"curies":[{"name":"wp","href":"https:\/\/api.w.org\/{rel}","templated":true}]}}