{"id":2641,"date":"2019-06-05T13:48:05","date_gmt":"2019-06-05T13:48:05","guid":{"rendered":"http:\/\/www.cudecoop.coop\/cudecoop\/?p=2641"},"modified":"2019-06-05T13:58:58","modified_gmt":"2019-06-05T13:58:58","slug":"presentacion-del-libro-lo-que-nos-une-30-anos-desarrollando-cooperativismo","status":"publish","type":"post","link":"http:\/\/www.cudecoop.coop\/cudecoop\/presentacion-del-libro-lo-que-nos-une-30-anos-desarrollando-cooperativismo\/","title":{"rendered":"Presentaci\u00f3n del libro Lo que nos une, 30 a\u00f1os desarrollando cooperativismo"},"content":{"rendered":"<p>El pr\u00f3ximo jueves 13 de junio les invitamos a participar de la presentaci\u00f3n del libro que recorre la trayectoria de la Confederaci\u00f3n Uruguaya de Entidades Cooperativas -CUDECOOP-.&nbsp;<\/p>\n<p>La misma estar\u00e1 a cargo de sus autores Gerardo Caetano y Juan Pablo Mart\u00ed.&nbsp;<\/p>\n<p>El encuentro ser\u00e1 en la nueva sede de la Casa del cooperativismo, Av. 18 de Julio 948 of. 502.<\/p>\n<p>&nbsp;<\/p>\n<p>Les esperamos.<\/p>\n","protected":false},"excerpt":{"rendered":"<p>El pr\u00f3ximo jueves 13 de junio les invitamos a participar de la presentaci\u00f3n del libro que recorre la trayectoria de la Confederaci\u00f3n Uruguaya de Entidades Cooperativas -CUDECOOP-.&nbsp; La misma estar\u00e1 a cargo de sus autores Gerardo Caetano y Juan Pablo Mart\u00ed.&nbsp; El encuentro ser\u00e1 en la nueva sede de la Casa del cooperativismo, Av. 18 de Julio 948 of. 502. &nbsp; Les [&#8230;]<\/p>\n","protected":false},"author":27,"featured_media":2642,"comment_status":"open","ping_status":"open","sticky":false,"template":"","format":"standard","meta":{"_acf_changed":false,"ngg_post_thumbnail":0,"footnotes":""},"categories":[7,6,1],"tags":[],"class_list":["post-2641","post","type-post","status-publish","format-standard","has-post-thumbnail","hentry","category-cooperativas","category-institucionales","category-noticias"],"acf":[],"_links":{"self":[{"href":"http:\/\/www.cudecoop.coop\/cudecoop\/wp-json\/wp\/v2\/posts\/2641","targetHints":{"allow":["GET"]}}],"collection":[{"href":"http:\/\/www.cudecoop.coop\/cudecoop\/wp-json\/wp\/v2\/posts"}],"about":[{"href":"http:\/\/www.cudecoop.coop\/cudecoop\/wp-json\/wp\/v2\/types\/post"}],"author":[{"embeddable":true,"href":"http:\/\/www.cudecoop.coop\/cudecoop\/wp-json\/wp\/v2\/users\/27"}],"replies":[{"embeddable":true,"href":"http:\/\/www.cudecoop.coop\/cudecoop\/wp-json\/wp\/v2\/comments?post=2641"}],"version-history":[{"count":2,"href":"http:\/\/www.cudecoop.coop\/cudecoop\/wp-json\/wp\/v2\/posts\/2641\/revisions"}],"predecessor-version":[{"id":2644,"href":"http:\/\/www.cudecoop.coop\/cudecoop\/wp-json\/wp\/v2\/posts\/2641\/revisions\/2644"}],"wp:featuredmedia":[{"embeddable":true,"href":"http:\/\/www.cudecoop.coop\/cudecoop\/wp-json\/wp\/v2\/media\/2642"}],"wp:attachment":[{"href":"http:\/\/www.cudecoop.coop\/cudecoop\/wp-json\/wp\/v2\/media?parent=2641"}],"wp:term":[{"taxonomy":"category","embeddable":true,"href":"http:\/\/www.cudecoop.coop\/cudecoop\/wp-json\/wp\/v2\/categories?post=2641"},{"taxonomy":"post_tag","embeddable":true,"href":"http:\/\/www.cudecoop.coop\/cudecoop\/wp-json\/wp\/v2\/tags?post=2641"}],"curies":[{"name":"wp","href":"https:\/\/api.w.org\/{rel}","templated":true}]}}