{"id":2637,"date":"2019-06-04T20:19:22","date_gmt":"2019-06-04T20:19:22","guid":{"rendered":"http:\/\/www.cudecoop.coop\/cudecoop\/?p=2637"},"modified":"2019-06-04T20:19:22","modified_gmt":"2019-06-04T20:19:22","slug":"se-renovo-el-convenio-que-da-continuidad-al-procoop","status":"publish","type":"post","link":"http:\/\/www.cudecoop.coop\/cudecoop\/se-renovo-el-convenio-que-da-continuidad-al-procoop\/","title":{"rendered":"Se renov\u00f3 el convenio que da continuidad al Procoop"},"content":{"rendered":"<p>Por segundo a\u00f1o consecutivo, el INEFOP e INACOOP firmaron el convenio que da continuidad al Programa de Formaci\u00f3n Cooperativa, PROCOOP.<\/p>\n<p>Participaron de la firma Graciela Fern\u00e1ndez por CUDECOOP, Gustavo Bernini por INACOOP y Eduardo Pereyra por INEFOP.&nbsp;<\/p>\n<p>Graciela Fern\u00e1ndez destac\u00f3 la importancia de que los dos institutos representen la firma del convenio. Record\u00f3 que esta iniciativa se remonta al a\u00f1o 2015, cuando la Confederaci\u00f3n plante\u00f3 al Ministro de Trabajo Ernesto Murro, sobre la necesidad de crear un lugar especial para la educaci\u00f3n y capacitaci\u00f3n ajustada a la identidad cooperativa. Esto se trabaj\u00f3 junto al Inacoop e Inefop y result\u00f3 en una firma de un primer convenio que dio lugar al Procoop. Destac\u00f3 finalmente que, &#8220;los resultados de esa primer experiencia de dos a\u00f1os, son motivo para profundizar este programa de trabajo espec\u00edfico.&#8221;&nbsp;<\/p>\n<p>Gustavo Bernini resalt\u00f3 la importancia de que sean dos institutos p\u00fablicos que realizan la firma, ya que los recursos que el INEFOP destina para el sector, son gestionados por el INACOOP en coordinaci\u00f3n con el movimiento cooperativo a trav\u00e9s de CUDECOOP. Destac\u00f3 que se trata&nbsp;de los programas m\u00e1s importantes que tienen mayor alcance.&nbsp;<\/p>\n<p>Eduardo Pereira se refiri\u00f3 a la estrategia que tiene el pa\u00eds sobre el desarrollo del trabajo. Tanto a niveles productivos y sectoriales.&nbsp;<\/p>\n<p>&#8220;El cooperativismo tiene una forma de organizaci\u00f3n de la empresa que es diferente a la que el sistema capitalista promueve, por eso es fundamental que el Estado comprenda su funcionamiento. Si INEFOP no hubiese aplicado este formato adaptado al sector, no se habr\u00edan alcanzado los logros que hoy se pueden ver.&nbsp;&nbsp;Es un reconocimiento al sistema cooperativo&#8221;, concluy\u00f3.&nbsp;&nbsp;<\/p>\n","protected":false},"excerpt":{"rendered":"<p>Por segundo a\u00f1o consecutivo, el INEFOP e INACOOP firmaron el convenio que da continuidad al Programa de Formaci\u00f3n Cooperativa, PROCOOP. Participaron de la firma Graciela Fern\u00e1ndez por CUDECOOP, Gustavo Bernini por INACOOP y Eduardo Pereyra por INEFOP.&nbsp; Graciela Fern\u00e1ndez destac\u00f3 la importancia de que los dos institutos representen la firma del convenio. Record\u00f3 que esta iniciativa se remonta al a\u00f1o 2015, cuando la Confederaci\u00f3n plante\u00f3 al Ministro de Trabajo Ernesto Murro, sobre la necesidad de crear un lugar especial para la educaci\u00f3n y capacitaci\u00f3n ajustada a la identidad cooperativa. Esto se trabaj\u00f3 junto al Inacoop e Inefop y result\u00f3 en [&#8230;]<\/p>\n","protected":false},"author":27,"featured_media":2638,"comment_status":"open","ping_status":"open","sticky":false,"template":"","format":"standard","meta":{"_acf_changed":false,"ngg_post_thumbnail":0,"footnotes":""},"categories":[7,6,1],"tags":[],"class_list":["post-2637","post","type-post","status-publish","format-standard","has-post-thumbnail","hentry","category-cooperativas","category-institucionales","category-noticias"],"acf":[],"_links":{"self":[{"href":"http:\/\/www.cudecoop.coop\/cudecoop\/wp-json\/wp\/v2\/posts\/2637","targetHints":{"allow":["GET"]}}],"collection":[{"href":"http:\/\/www.cudecoop.coop\/cudecoop\/wp-json\/wp\/v2\/posts"}],"about":[{"href":"http:\/\/www.cudecoop.coop\/cudecoop\/wp-json\/wp\/v2\/types\/post"}],"author":[{"embeddable":true,"href":"http:\/\/www.cudecoop.coop\/cudecoop\/wp-json\/wp\/v2\/users\/27"}],"replies":[{"embeddable":true,"href":"http:\/\/www.cudecoop.coop\/cudecoop\/wp-json\/wp\/v2\/comments?post=2637"}],"version-history":[{"count":1,"href":"http:\/\/www.cudecoop.coop\/cudecoop\/wp-json\/wp\/v2\/posts\/2637\/revisions"}],"predecessor-version":[{"id":2639,"href":"http:\/\/www.cudecoop.coop\/cudecoop\/wp-json\/wp\/v2\/posts\/2637\/revisions\/2639"}],"wp:featuredmedia":[{"embeddable":true,"href":"http:\/\/www.cudecoop.coop\/cudecoop\/wp-json\/wp\/v2\/media\/2638"}],"wp:attachment":[{"href":"http:\/\/www.cudecoop.coop\/cudecoop\/wp-json\/wp\/v2\/media?parent=2637"}],"wp:term":[{"taxonomy":"category","embeddable":true,"href":"http:\/\/www.cudecoop.coop\/cudecoop\/wp-json\/wp\/v2\/categories?post=2637"},{"taxonomy":"post_tag","embeddable":true,"href":"http:\/\/www.cudecoop.coop\/cudecoop\/wp-json\/wp\/v2\/tags?post=2637"}],"curies":[{"name":"wp","href":"https:\/\/api.w.org\/{rel}","templated":true}]}}