{"id":2634,"date":"2019-05-30T20:41:20","date_gmt":"2019-05-30T20:41:20","guid":{"rendered":"http:\/\/www.cudecoop.coop\/cudecoop\/?p=2634"},"modified":"2019-05-30T20:41:20","modified_gmt":"2019-05-30T20:41:20","slug":"se-renueva-el-convenio-procoop","status":"publish","type":"post","link":"http:\/\/www.cudecoop.coop\/cudecoop\/se-renueva-el-convenio-procoop\/","title":{"rendered":"Se renueva el convenio PROCOOP"},"content":{"rendered":"<p>Invitamos a participar de la nueva firma del convenio entre el Instituto Nacional del Cooperativismo, INACOOP, y el Instituto Nacional de Empleo y Formaci\u00f3n Profesional, INEFOP, el pr\u00f3ximo martes 4 de junio a las 13.30 en la nueva sede de CUDECOOP.&nbsp;<\/p>\n<p>Estar\u00e1n presentes las autoridades de las organizaciones, y el ministro de Trabajo y Seguridad Social, Ernesto Murro.&nbsp;<\/p>\n<p>Esta firma da continuidad al Programa de formaci\u00f3n cooperativa, PROCOOP.&nbsp;<\/p>\n<p>Les esperamos<\/p>\n<p>&nbsp;<\/p>\n<p>&nbsp;<\/p>\n","protected":false},"excerpt":{"rendered":"<p>Invitamos a participar de la nueva firma del convenio entre el Instituto Nacional del Cooperativismo, INACOOP, y el Instituto Nacional de Empleo y Formaci\u00f3n Profesional, INEFOP, el pr\u00f3ximo martes 4 de junio a las 13.30 en la nueva sede de CUDECOOP.&nbsp; Estar\u00e1n presentes las autoridades de las organizaciones, y el ministro de Trabajo y Seguridad Social, Ernesto Murro.&nbsp; Esta firma da continuidad al Programa de formaci\u00f3n cooperativa, PROCOOP.&nbsp; Les esperamos &nbsp; [&#8230;]<\/p>\n","protected":false},"author":27,"featured_media":2635,"comment_status":"open","ping_status":"open","sticky":false,"template":"","format":"standard","meta":{"_acf_changed":false,"ngg_post_thumbnail":0,"footnotes":""},"categories":[7,6,1],"tags":[],"class_list":["post-2634","post","type-post","status-publish","format-standard","has-post-thumbnail","hentry","category-cooperativas","category-institucionales","category-noticias"],"acf":[],"_links":{"self":[{"href":"http:\/\/www.cudecoop.coop\/cudecoop\/wp-json\/wp\/v2\/posts\/2634","targetHints":{"allow":["GET"]}}],"collection":[{"href":"http:\/\/www.cudecoop.coop\/cudecoop\/wp-json\/wp\/v2\/posts"}],"about":[{"href":"http:\/\/www.cudecoop.coop\/cudecoop\/wp-json\/wp\/v2\/types\/post"}],"author":[{"embeddable":true,"href":"http:\/\/www.cudecoop.coop\/cudecoop\/wp-json\/wp\/v2\/users\/27"}],"replies":[{"embeddable":true,"href":"http:\/\/www.cudecoop.coop\/cudecoop\/wp-json\/wp\/v2\/comments?post=2634"}],"version-history":[{"count":1,"href":"http:\/\/www.cudecoop.coop\/cudecoop\/wp-json\/wp\/v2\/posts\/2634\/revisions"}],"predecessor-version":[{"id":2636,"href":"http:\/\/www.cudecoop.coop\/cudecoop\/wp-json\/wp\/v2\/posts\/2634\/revisions\/2636"}],"wp:featuredmedia":[{"embeddable":true,"href":"http:\/\/www.cudecoop.coop\/cudecoop\/wp-json\/wp\/v2\/media\/2635"}],"wp:attachment":[{"href":"http:\/\/www.cudecoop.coop\/cudecoop\/wp-json\/wp\/v2\/media?parent=2634"}],"wp:term":[{"taxonomy":"category","embeddable":true,"href":"http:\/\/www.cudecoop.coop\/cudecoop\/wp-json\/wp\/v2\/categories?post=2634"},{"taxonomy":"post_tag","embeddable":true,"href":"http:\/\/www.cudecoop.coop\/cudecoop\/wp-json\/wp\/v2\/tags?post=2634"}],"curies":[{"name":"wp","href":"https:\/\/api.w.org\/{rel}","templated":true}]}}