{"id":2631,"date":"2019-05-28T20:08:20","date_gmt":"2019-05-28T20:08:20","guid":{"rendered":"http:\/\/www.cudecoop.coop\/cudecoop\/?p=2631"},"modified":"2019-05-28T20:08:20","modified_gmt":"2019-05-28T20:08:20","slug":"evolucion-y-proyeccion-de-la-economia-social-y-solidaria","status":"publish","type":"post","link":"http:\/\/www.cudecoop.coop\/cudecoop\/evolucion-y-proyeccion-de-la-economia-social-y-solidaria\/","title":{"rendered":"Evoluci\u00f3n y proyecci\u00f3n de la Econom\u00eda Social y Solidaria"},"content":{"rendered":"<blockquote class=\"gmail_quote\">\n<div dir=\"ltr\"><span style=\"color: #000000;\">El martes 28 de mayo, la Dra.&nbsp;Graciela Fern\u00e1ndez particip\u00f3 del seminario sobre la evaluaci\u00f3n proyecci\u00f3n de la econom\u00eda social y solidaria&nbsp;que organiz\u00f3 la C\u00e1mara de Representantes del Poder Legislativo uruguayo&nbsp;<\/span><\/div>\n<\/blockquote>\n<blockquote class=\"gmail_quote\">\n<div dir=\"ltr\">\n<div>&nbsp;<\/div>\n<div>\n<p><span style=\"color: #000000;\">El&nbsp;seminario sobre la evaluaci\u00f3n proyecci\u00f3n de la econom\u00eda social y solidaria,&nbsp;fue&nbsp;convocado por la Dra. Mar\u00eda Cecilia Bottino, presidenta de la C\u00e1mara de Representantes.&nbsp;<\/span><\/p>\n<p><span style=\"color: #000000;\">La Dra. Fern\u00e1ndez, en su car\u00e1cter de Presidenta de CUDECOOP y de Presidenta de Cooperativas de las Am\u00e9ricas, abord\u00f3 las diversas realidades que han llevado al cooperativismo americano a profundizar su reflexi\u00f3n y definiciones sobre el tema<\/span><\/p>\n<p><span style=\"color: #000000;\">Destac\u00f3 la Recomendaci\u00f3n 193&nbsp; de la Organizaci\u00f3n Internacional del Trabajo en el a\u00f1o 2002, ya que en la misma se se\u00f1ala que &#8220;una sociedad equilibrada precisa la existencia de sectores p\u00fablicos y privados fuertes y un fuerte sector cooperativo, mutualista y otras organizaciones sociales y no gubernamentales.&#8221; &#8211;&nbsp;Aqu\u00ed se reconoce y se promueve&nbsp;a un sector social distintivo de la econom\u00eda,&nbsp;viable y din\u00e1mico que comprende a las cooperativas y, adem\u00e1s responde a las necesidades sociales y econ\u00f3micas de la comunidad.- destac\u00f3.&nbsp;<\/span><\/p>\n<p><span style=\"color: #000000;\">Record\u00f3&nbsp;que a nivel mundial,&nbsp;el a\u00f1o 2012&nbsp;fue&nbsp;propuesto por Naciones Unidas como el A\u00f1o&nbsp;Internacional&nbsp;de las Cooperativas,&nbsp;y que all\u00ed se puso de&nbsp;manifiesto el aporte del cooperativismo&nbsp;como&nbsp;herramienta s\u00f3lida, viable y consolidada para el desarrollo de la Econom\u00eda Social y Solidaria.-&nbsp;<\/span><\/p>\n<p><span style=\"color: #000000;\">Desde la perspectiva de la&nbsp;Confederaci\u00f3n,&nbsp;el impulso al sector de Econom\u00eda Social y Solidaria viene desde larga data, y el concepto que se maneja fue tomado del resultado del trabajo desarrollado&nbsp;por las Naciones Unidas&nbsp;que&nbsp;marca&nbsp;c\u00f3mo se deben implementar las pol\u00edticas p\u00fablicas para la Econom\u00eda Social y Solidaria en los cinco continentes, se\u00f1alando&nbsp; que este modelo se basa en pr\u00e1cticas econ\u00f3micas justas, solidarias e inclusivas y por consiguiente sustentables, as\u00ed como sit\u00faa al ser humano y a la&nbsp;comunidad&nbsp;en el centro de su actividad. Agreg\u00f3 adem\u00e1s que la econom\u00eda social y solidaria est\u00e1 impulsada por la din\u00e1mica de compartir, tiene una idea social, ecol\u00f3gica y c\u00edvica y se rige por principios de gobernabilidad democr\u00e1tica.<\/span><\/p>\n<p>La Presidenta sostuvo que desde la Confederaci\u00f3n Uruguaya de Entidades Cooperativas se entiende que este concepto debe ser traducido en una legislaci\u00f3n que defina quienes queremos ser parte de la Econom\u00eda Social.&nbsp;<\/p>\n<p><span style=\"color: #000000;\">Remarc\u00f3 adem\u00e1s que&nbsp;las recomendaciones del cooperativismo internacional han traducido claramente la importancia de desarrollar alianzas y en particular promover aquellas que integren&nbsp;el campo de la Econom\u00eda Social.<\/span><\/p>\n<p><span style=\"color: #000000;\">En particular record\u00f3 que la IV Cumbre Cooperativa de las Am\u00e9ricas, celebrada en Montevideo en 2016, estableci\u00f3 una serie de recomendaciones clave para desarrollar&nbsp;la Econom\u00eda Social y Solidaria. Agreg\u00f3 que&nbsp;en esa instancia&nbsp;&#8220;aparece por primera vez en el idioma cooperativo de las Am\u00e9ricas&nbsp;el compromiso con&nbsp;la agenda de los Objetivos para el Desarrollo Sostenible (ODS), la agenda marcada por Naciones Unidas y en particular destac\u00f3 la importancia del ODS n\u00famero 17 que alienta la alianza con otras organizaciones&nbsp;para el logro de estos&nbsp;objetivos,&nbsp;siendo&nbsp;las organizaciones de&nbsp;la Econom\u00eda Social y Solidaria el primer \u00e1mbito de coordinaci\u00f3n para ello.&#8221;<\/span><\/p>\n<\/div>\n<\/div>\n<\/blockquote>\n","protected":false},"excerpt":{"rendered":"<p>El martes 28 de mayo, la Dra.&nbsp;Graciela Fern\u00e1ndez particip\u00f3 del seminario sobre la evaluaci\u00f3n proyecci\u00f3n de la econom\u00eda social y solidaria&nbsp;que organiz\u00f3 la C\u00e1mara de Representantes del Poder Legislativo uruguayo&nbsp; &nbsp; El&nbsp;seminario sobre la evaluaci\u00f3n proyecci\u00f3n de la econom\u00eda social y solidaria,&nbsp;fue&nbsp;convocado por la Dra. Mar\u00eda Cecilia Bottino, presidenta de la C\u00e1mara de Representantes.&nbsp; La Dra. Fern\u00e1ndez, en su car\u00e1cter de Presidenta de CUDECOOP y de Presidenta de Cooperativas de las Am\u00e9ricas, abord\u00f3 las diversas realidades que han llevado al cooperativismo americano a profundizar su reflexi\u00f3n y definiciones sobre el tema Destac\u00f3 la Recomendaci\u00f3n 193&nbsp; de la Organizaci\u00f3n Internacional del [&#8230;]<\/p>\n","protected":false},"author":27,"featured_media":2632,"comment_status":"open","ping_status":"open","sticky":false,"template":"","format":"standard","meta":{"_acf_changed":false,"ngg_post_thumbnail":0,"footnotes":""},"categories":[7,6,1],"tags":[],"class_list":["post-2631","post","type-post","status-publish","format-standard","has-post-thumbnail","hentry","category-cooperativas","category-institucionales","category-noticias"],"acf":[],"_links":{"self":[{"href":"http:\/\/www.cudecoop.coop\/cudecoop\/wp-json\/wp\/v2\/posts\/2631","targetHints":{"allow":["GET"]}}],"collection":[{"href":"http:\/\/www.cudecoop.coop\/cudecoop\/wp-json\/wp\/v2\/posts"}],"about":[{"href":"http:\/\/www.cudecoop.coop\/cudecoop\/wp-json\/wp\/v2\/types\/post"}],"author":[{"embeddable":true,"href":"http:\/\/www.cudecoop.coop\/cudecoop\/wp-json\/wp\/v2\/users\/27"}],"replies":[{"embeddable":true,"href":"http:\/\/www.cudecoop.coop\/cudecoop\/wp-json\/wp\/v2\/comments?post=2631"}],"version-history":[{"count":1,"href":"http:\/\/www.cudecoop.coop\/cudecoop\/wp-json\/wp\/v2\/posts\/2631\/revisions"}],"predecessor-version":[{"id":2633,"href":"http:\/\/www.cudecoop.coop\/cudecoop\/wp-json\/wp\/v2\/posts\/2631\/revisions\/2633"}],"wp:featuredmedia":[{"embeddable":true,"href":"http:\/\/www.cudecoop.coop\/cudecoop\/wp-json\/wp\/v2\/media\/2632"}],"wp:attachment":[{"href":"http:\/\/www.cudecoop.coop\/cudecoop\/wp-json\/wp\/v2\/media?parent=2631"}],"wp:term":[{"taxonomy":"category","embeddable":true,"href":"http:\/\/www.cudecoop.coop\/cudecoop\/wp-json\/wp\/v2\/categories?post=2631"},{"taxonomy":"post_tag","embeddable":true,"href":"http:\/\/www.cudecoop.coop\/cudecoop\/wp-json\/wp\/v2\/tags?post=2631"}],"curies":[{"name":"wp","href":"https:\/\/api.w.org\/{rel}","templated":true}]}}