{"id":2627,"date":"2019-05-21T19:41:24","date_gmt":"2019-05-21T19:41:24","guid":{"rendered":"http:\/\/www.cudecoop.coop\/cudecoop\/?p=2627"},"modified":"2019-05-21T19:41:24","modified_gmt":"2019-05-21T19:41:24","slug":"se-inauguro-la-nueva-sede-de-la-casa-del-cooperativismo","status":"publish","type":"post","link":"http:\/\/www.cudecoop.coop\/cudecoop\/se-inauguro-la-nueva-sede-de-la-casa-del-cooperativismo\/","title":{"rendered":"Se inaugur\u00f3 la nueva sede de la Casa del Cooperativismo"},"content":{"rendered":"<p><!--more--><\/p>\n<p>&nbsp;<\/p>\n<p style=\"text-align: left;\">El lunes 20 de mayo en el quinto piso del Edificio lapido se inaugur\u00f3 la nueva sede de la Casa del Cooperativismo.<br \/>\nEn el acto de inauguraci\u00f3n participaron adem\u00e1s de las autoridades de la Confederaci\u00f3n, el ministro de Trabajo y Seguridad Social, Ernesto Murro; el presidente del Instituto Nacional del Cooperativismo, Gustavo Bernini; y cooperativistas de Am\u00e9rica que se encontraban en Montevideo en el marco de la celebraci\u00f3n del 74 Consejo de Administraci\u00f3n de Cooperativas de las Am\u00e9ricas.<\/p>\n<p style=\"text-align: left;\">\nGraciela Fern\u00e1ndez tras el corte de cinta inaugural, destac\u00f3 que no se trata de un d\u00eda de celebraci\u00f3n, sino de un d\u00eda especial que merece el respeto por tratarse de un 20 de mayo, d\u00eda de conmemoraci\u00f3n de las v\u00edctimas de la dictadura militar.<br \/>\nSe\u00f1al\u00f3 adem\u00e1s que el logro de la casa es un claro ejemplo de intercooperaci\u00f3n y compromiso, porque se logr\u00f3 a partir de la colaboraci\u00f3n de todas las entidades socias de la Confederaci\u00f3n, en voz de sus Consejeros. Destac\u00f3 adem\u00e1s que se ha respetado al monumento hist\u00f3rico que significa el propio Edificio Lapido.<br \/>\nMencion\u00f3 la importancia del rol que cumplieron algunas instituciones, que dan como resultado a un cooperativismo m\u00e1s fuerte y s\u00f3lido, a trav\u00e9s de las pol\u00edticas p\u00fablicas de apoyo a la capacitaci\u00f3n y educaci\u00f3n a cooperativistas. Y por \u00faltimo agradeci\u00f3 el apoyo de todas las organizaciones y federaciones que hacen posible el di\u00e1logo para llegar a estos resultados.<br \/>\nGustavo Bernini, invitado por la Presidenta a decir unas palabras, resalt\u00f3 lo especial del d\u00eda, y dijo: \u201cbajo el agua vamos a ir marchando por la calle para recordar a los que no est\u00e1n y para pedir verdad y justicia, porque la seguimos levantando\u201d.<br \/>\nAdem\u00e1s destac\u00f3 que la inauguraci\u00f3n de esta sede \u201cno es casualidad, es un proceso que se da a partir de un contexto pol\u00edtico favorable que ha permitido al movimiento cooperativo desarrollarse; esto es producto tambi\u00e9n de generar pol\u00edticas que favorezcan a la econom\u00eda social y al cooperativismo y el movimiento lo sabe aprovechar, ac\u00e1 est\u00e1 la mejor demostraci\u00f3n, esto es un s\u00edmbolo y en este edificio adem\u00e1s que es patrimonio de la ciudad, es un s\u00edmbolo que hoy CUDECOOP est\u00e9 inaugurando el hermoso local\u201d<br \/>\nAntes de culminar el evento, lleg\u00f3 Ernesto Murro y se refiri\u00f3 a la importancia de las actividades que se est\u00e1n llevando a cabo en el marco del Consejo de Administraci\u00f3n de Cooperativas de las Am\u00e9ricas en Montevideo, y aprovech\u00f3 a saludar a cooperativistas presentes de la regi\u00f3n. Continu\u00f3 diciendo que \u201cdebemos valorar que no solo se gener\u00f3 una ley para el cooperativismo, sino que tambi\u00e9n un Instituto (INACOOP) el cual cuenta con nuevas funciones, como administrador del Fondo para el Desarrollo, y esto pone en evidencia la importancia que le damos al movimiento cooperativo, a lo que es la institucionalidad de la econom\u00eda social. Nuestro gobierno conf\u00eda en las organizaciones sociales y en la econom\u00eda social y solidaria.\u201d<\/p>\n","protected":false},"excerpt":{"rendered":"","protected":false},"author":27,"featured_media":2628,"comment_status":"open","ping_status":"open","sticky":false,"template":"","format":"standard","meta":{"_acf_changed":false,"ngg_post_thumbnail":0,"footnotes":""},"categories":[7,6,1],"tags":[],"class_list":["post-2627","post","type-post","status-publish","format-standard","has-post-thumbnail","hentry","category-cooperativas","category-institucionales","category-noticias"],"acf":[],"_links":{"self":[{"href":"http:\/\/www.cudecoop.coop\/cudecoop\/wp-json\/wp\/v2\/posts\/2627","targetHints":{"allow":["GET"]}}],"collection":[{"href":"http:\/\/www.cudecoop.coop\/cudecoop\/wp-json\/wp\/v2\/posts"}],"about":[{"href":"http:\/\/www.cudecoop.coop\/cudecoop\/wp-json\/wp\/v2\/types\/post"}],"author":[{"embeddable":true,"href":"http:\/\/www.cudecoop.coop\/cudecoop\/wp-json\/wp\/v2\/users\/27"}],"replies":[{"embeddable":true,"href":"http:\/\/www.cudecoop.coop\/cudecoop\/wp-json\/wp\/v2\/comments?post=2627"}],"version-history":[{"count":1,"href":"http:\/\/www.cudecoop.coop\/cudecoop\/wp-json\/wp\/v2\/posts\/2627\/revisions"}],"predecessor-version":[{"id":2629,"href":"http:\/\/www.cudecoop.coop\/cudecoop\/wp-json\/wp\/v2\/posts\/2627\/revisions\/2629"}],"wp:featuredmedia":[{"embeddable":true,"href":"http:\/\/www.cudecoop.coop\/cudecoop\/wp-json\/wp\/v2\/media\/2628"}],"wp:attachment":[{"href":"http:\/\/www.cudecoop.coop\/cudecoop\/wp-json\/wp\/v2\/media?parent=2627"}],"wp:term":[{"taxonomy":"category","embeddable":true,"href":"http:\/\/www.cudecoop.coop\/cudecoop\/wp-json\/wp\/v2\/categories?post=2627"},{"taxonomy":"post_tag","embeddable":true,"href":"http:\/\/www.cudecoop.coop\/cudecoop\/wp-json\/wp\/v2\/tags?post=2627"}],"curies":[{"name":"wp","href":"https:\/\/api.w.org\/{rel}","templated":true}]}}