{"id":2623,"date":"2019-05-16T20:24:04","date_gmt":"2019-05-16T20:24:04","guid":{"rendered":"http:\/\/www.cudecoop.coop\/cudecoop\/?p=2623"},"modified":"2019-05-16T20:24:04","modified_gmt":"2019-05-16T20:24:04","slug":"75-consejo-de-administracion-de-cooperativas-de-las-americas-en-montevideo","status":"publish","type":"post","link":"http:\/\/www.cudecoop.coop\/cudecoop\/75-consejo-de-administracion-de-cooperativas-de-las-americas-en-montevideo\/","title":{"rendered":"75 Consejo de Administraci\u00f3n de Cooperativas de las Am\u00e9ricas, en Montevideo"},"content":{"rendered":"<div dir=\"ltr\">Del 20 al 22 de mayo se realizar\u00e1 en Montevideo el 75\u00ba Consejo de Administraci\u00f3n de Cooperativas de las Am\u00e9ricas en Montevideo.&nbsp;<\/div>\n<div dir=\"ltr\">En esta instancia el Consejo completar\u00e1 el proceso de planificaci\u00f3n que la organizaci\u00f3n viene realizando.<\/div>\n<div>Adem\u00e1s del este espacio, se realizar\u00e1n los encuentros tem\u00e1ticos y sectoriales, los cuales son espacios abiertos y se invita a cooperativistas uruguayos a participar.&nbsp;<\/div>\n<div>&nbsp;<\/div>\n<div>Los mismos son:&nbsp;<\/div>\n<div>&nbsp;<\/div>\n<div><b>El Comit\u00e9 Regional de Equidad de G\u00e9nero<\/b><\/div>\n<div>De 14 a 17 h en el Sal\u00f3n Dorado de la Intendencia<\/div>\n<div><a href=\"https:\/\/docs.google.com\/forms\/d\/12o20_a1cI707GUGFQaaZA5gPMXYWTK-V49U0OVyPKko\/edit\">Inscripciones aqu\u00ed<\/a><\/div>\n<div>&nbsp;<\/div>\n<div><b>El Comit\u00e9 Regional de Juventud&nbsp;&nbsp;<\/b><\/div>\n<div>De 9 a 17h en Enlace, Avda. Agraciada 2332<\/div>\n<div><a href=\"https:\/\/docs.google.com\/forms\/d\/12o20_a1cI707GUGFQaaZA5gPMXYWTK-V49U0OVyPKko\/edit\">Inscripciones aqu\u00ed<\/a>&nbsp;<\/div>\n<div>&nbsp;<\/div>\n<div>&nbsp;<\/div>\n<div><b>CICOPA<\/b><\/div>\n<div>De 9 a 17 h en la Sala Ernesto de los Campos de la Intendencia de Montevideo<\/div>\n<div><a href=\"https:\/\/docs.google.com\/forms\/d\/12o20_a1cI707GUGFQaaZA5gPMXYWTK-V49U0OVyPKko\/edit\">Inscripciones aqu\u00ed<\/a><\/div>\n<div>&nbsp;<\/div>\n<div>&nbsp;<\/div>\n<div><b>REDACOOP<\/b><\/div>\n<div>De 14 a 17 h, en la sede de CAF<\/div>\n<div><a href=\"https:\/\/docs.google.com\/forms\/d\/12o20_a1cI707GUGFQaaZA5gPMXYWTK-V49U0OVyPKko\/edit\">Inscripciones aqu\u00ed<\/a><\/div>\n<div>&nbsp;<\/div>\n<div>&nbsp;<\/div>\n<div><b>Red de Cooperativas de Vivienda<\/b><\/div>\n<div>9.30 a 17 h en Fucvam y CCU<\/div>\n<div>&nbsp;<\/div>\n<div><a href=\"https:\/\/docs.google.com\/forms\/d\/12o20_a1cI707GUGFQaaZA5gPMXYWTK-V49U0OVyPKko\/edit\">Inscripciones aqu\u00ed<\/a><\/div>\n<div>&nbsp;<\/div>\n<div>&nbsp;<\/div>\n<div>&nbsp;<\/div>\n","protected":false},"excerpt":{"rendered":"<p>Del 20 al 22 de mayo se realizar\u00e1 en Montevideo el 75\u00ba Consejo de Administraci\u00f3n de Cooperativas de las Am\u00e9ricas en Montevideo.&nbsp; En esta instancia el Consejo completar\u00e1 el proceso de planificaci\u00f3n que la organizaci\u00f3n viene realizando. Adem\u00e1s del este espacio, se realizar\u00e1n los encuentros tem\u00e1ticos y sectoriales, los cuales son espacios abiertos y se invita a cooperativistas uruguayos a participar.&nbsp; &nbsp; Los mismos son:&nbsp; &nbsp; El Comit\u00e9 Regional de Equidad de G\u00e9nero De 14 a 17 h en el Sal\u00f3n Dorado de la Intendencia Inscripciones aqu\u00ed &nbsp; El Comit\u00e9 Regional de Juventud&nbsp;&nbsp; De 9 a 17h en Enlace, Avda. [&#8230;]<\/p>\n","protected":false},"author":27,"featured_media":2624,"comment_status":"open","ping_status":"open","sticky":false,"template":"","format":"standard","meta":{"_acf_changed":false,"ngg_post_thumbnail":0,"footnotes":""},"categories":[7,6,1],"tags":[],"class_list":["post-2623","post","type-post","status-publish","format-standard","has-post-thumbnail","hentry","category-cooperativas","category-institucionales","category-noticias"],"acf":[],"_links":{"self":[{"href":"http:\/\/www.cudecoop.coop\/cudecoop\/wp-json\/wp\/v2\/posts\/2623","targetHints":{"allow":["GET"]}}],"collection":[{"href":"http:\/\/www.cudecoop.coop\/cudecoop\/wp-json\/wp\/v2\/posts"}],"about":[{"href":"http:\/\/www.cudecoop.coop\/cudecoop\/wp-json\/wp\/v2\/types\/post"}],"author":[{"embeddable":true,"href":"http:\/\/www.cudecoop.coop\/cudecoop\/wp-json\/wp\/v2\/users\/27"}],"replies":[{"embeddable":true,"href":"http:\/\/www.cudecoop.coop\/cudecoop\/wp-json\/wp\/v2\/comments?post=2623"}],"version-history":[{"count":2,"href":"http:\/\/www.cudecoop.coop\/cudecoop\/wp-json\/wp\/v2\/posts\/2623\/revisions"}],"predecessor-version":[{"id":2626,"href":"http:\/\/www.cudecoop.coop\/cudecoop\/wp-json\/wp\/v2\/posts\/2623\/revisions\/2626"}],"wp:featuredmedia":[{"embeddable":true,"href":"http:\/\/www.cudecoop.coop\/cudecoop\/wp-json\/wp\/v2\/media\/2624"}],"wp:attachment":[{"href":"http:\/\/www.cudecoop.coop\/cudecoop\/wp-json\/wp\/v2\/media?parent=2623"}],"wp:term":[{"taxonomy":"category","embeddable":true,"href":"http:\/\/www.cudecoop.coop\/cudecoop\/wp-json\/wp\/v2\/categories?post=2623"},{"taxonomy":"post_tag","embeddable":true,"href":"http:\/\/www.cudecoop.coop\/cudecoop\/wp-json\/wp\/v2\/tags?post=2623"}],"curies":[{"name":"wp","href":"https:\/\/api.w.org\/{rel}","templated":true}]}}