{"id":2619,"date":"2019-05-09T20:44:22","date_gmt":"2019-05-09T20:44:22","guid":{"rendered":"http:\/\/www.cudecoop.coop\/cudecoop\/?p=2619"},"modified":"2019-05-09T20:44:22","modified_gmt":"2019-05-09T20:44:22","slug":"encuentro-de-jovenes-del-sur-integracion-y-trabajo-cooperativo","status":"publish","type":"post","link":"http:\/\/www.cudecoop.coop\/cudecoop\/encuentro-de-jovenes-del-sur-integracion-y-trabajo-cooperativo\/","title":{"rendered":"Encuentro de j\u00f3venes del sur &#8211; integraci\u00f3n y trabajo cooperativo"},"content":{"rendered":"<div class=\"gmail_attr\" dir=\"ltr\">Cooperativistas, les enviamos la invitaci\u00f3n&nbsp;y accesos para inscribirse al Encuentro de de j\u00f3venes del sur &#8211; integraci\u00f3n y trabajo cooperativo-, que se llevar\u00e1 a cabo en Montevideo, en el marco de la celebraci\u00f3n del Consejo de Administraci\u00f3n de Cooperativas de las Am\u00e9ricas el pr\u00f3ximo lunes 20 de mayo.&nbsp;&nbsp;<\/div>\n<div dir=\"ltr\">\n<div>&nbsp;<\/div>\n<div>\n<div>Es importante que participen j\u00f3venes cooperativistas uruguayas\/os porque se trata de una oportunidad \u00fanica de intercambio con pares de la regi\u00f3n, pudi\u00e9ndose a partir de este espacio generar l\u00edneas de acci\u00f3n conjunta, adem\u00e1s de conocer de cerca otras realidades. Contaremos con la especial participaci\u00f3n de la Presidenta del Comit\u00e9 de Juventud de Am\u00e9rica, Ang\u00e9lica Soberanes.&nbsp;<\/div>\n<div>&nbsp;<\/div>\n<div>Por asuntos log\u00edsticos, solicitamos inscribirse previamente en el formulario que adjuntamos.&nbsp;<\/div>\n<div>&nbsp;<\/div>\n<div><a href=\"https:\/\/docs.google.com\/forms\/d\/12o20_a1cI707GUGFQaaZA5gPMXYWTK-V49U0OVyPKko\/edit\" target=\"_blank\" rel=\"noopener\" data-saferedirecturl=\"https:\/\/www.google.com\/url?q=https:\/\/docs.google.com\/forms\/d\/12o20_a1cI707GUGFQaaZA5gPMXYWTK-V49U0OVyPKko\/edit&amp;source=gmail&amp;ust=1557520927642000&amp;usg=AFQjCNGjDmy7qqgCEUyDobkvUOfJixno6Q\">INSCRIPCIONES AQU\u00cd<\/a><\/div>\n<\/div>\n<\/div>\n","protected":false},"excerpt":{"rendered":"<p>Cooperativistas, les enviamos la invitaci\u00f3n&nbsp;y accesos para inscribirse al Encuentro de de j\u00f3venes del sur &#8211; integraci\u00f3n y trabajo cooperativo-, que se llevar\u00e1 a cabo en Montevideo, en el marco de la celebraci\u00f3n del Consejo de Administraci\u00f3n de Cooperativas de las Am\u00e9ricas el pr\u00f3ximo lunes 20 de mayo.&nbsp;&nbsp; &nbsp; Es importante que participen j\u00f3venes cooperativistas uruguayas\/os porque se trata de una oportunidad \u00fanica de intercambio con pares de la regi\u00f3n, pudi\u00e9ndose a partir de este espacio generar l\u00edneas de acci\u00f3n conjunta, adem\u00e1s de conocer de cerca otras realidades. Contaremos con la especial participaci\u00f3n de la Presidenta del Comit\u00e9 de Juventud [&#8230;]<\/p>\n","protected":false},"author":27,"featured_media":2620,"comment_status":"open","ping_status":"open","sticky":false,"template":"","format":"standard","meta":{"_acf_changed":false,"ngg_post_thumbnail":0,"footnotes":""},"categories":[7,6,1],"tags":[],"class_list":["post-2619","post","type-post","status-publish","format-standard","has-post-thumbnail","hentry","category-cooperativas","category-institucionales","category-noticias"],"acf":[],"_links":{"self":[{"href":"http:\/\/www.cudecoop.coop\/cudecoop\/wp-json\/wp\/v2\/posts\/2619","targetHints":{"allow":["GET"]}}],"collection":[{"href":"http:\/\/www.cudecoop.coop\/cudecoop\/wp-json\/wp\/v2\/posts"}],"about":[{"href":"http:\/\/www.cudecoop.coop\/cudecoop\/wp-json\/wp\/v2\/types\/post"}],"author":[{"embeddable":true,"href":"http:\/\/www.cudecoop.coop\/cudecoop\/wp-json\/wp\/v2\/users\/27"}],"replies":[{"embeddable":true,"href":"http:\/\/www.cudecoop.coop\/cudecoop\/wp-json\/wp\/v2\/comments?post=2619"}],"version-history":[{"count":1,"href":"http:\/\/www.cudecoop.coop\/cudecoop\/wp-json\/wp\/v2\/posts\/2619\/revisions"}],"predecessor-version":[{"id":2621,"href":"http:\/\/www.cudecoop.coop\/cudecoop\/wp-json\/wp\/v2\/posts\/2619\/revisions\/2621"}],"wp:featuredmedia":[{"embeddable":true,"href":"http:\/\/www.cudecoop.coop\/cudecoop\/wp-json\/wp\/v2\/media\/2620"}],"wp:attachment":[{"href":"http:\/\/www.cudecoop.coop\/cudecoop\/wp-json\/wp\/v2\/media?parent=2619"}],"wp:term":[{"taxonomy":"category","embeddable":true,"href":"http:\/\/www.cudecoop.coop\/cudecoop\/wp-json\/wp\/v2\/categories?post=2619"},{"taxonomy":"post_tag","embeddable":true,"href":"http:\/\/www.cudecoop.coop\/cudecoop\/wp-json\/wp\/v2\/tags?post=2619"}],"curies":[{"name":"wp","href":"https:\/\/api.w.org\/{rel}","templated":true}]}}