{"id":2616,"date":"2019-05-09T20:29:52","date_gmt":"2019-05-09T20:29:52","guid":{"rendered":"http:\/\/www.cudecoop.coop\/cudecoop\/?p=2616"},"modified":"2019-05-09T20:29:52","modified_gmt":"2019-05-09T20:29:52","slug":"conversatorio-sobre-cooperativismo-y-genero","status":"publish","type":"post","link":"http:\/\/www.cudecoop.coop\/cudecoop\/conversatorio-sobre-cooperativismo-y-genero\/","title":{"rendered":"Conversatorio sobre cooperativismo y g\u00e9nero"},"content":{"rendered":"<p>En&nbsp; el marco de la celebraci\u00f3n del Consejo de Administraci\u00f3n de Cooperativas de las Am\u00e9ricas en Montevideo, el pr\u00f3ximo lunes 20 de mayo se realiza un conversatorio sobre cooperativismo y g\u00e9nero a nivel nacional, regional e internacional.<\/p>\n<p>El objetivo del espacio es intercambiar entre las mujeres referentes del cooperativismo nacional y de la regi\u00f3n sobre las pol\u00edticas de g\u00e9nero que se est\u00e1n llevando a cabo en Uruguay a nivel estatal y cooperativo.<\/p>\n<div>Es importante que participen las mujeres cooperativistas uruguayas porque se trata de una oportunidad \u00fanica de intercambio con mujeres de la regi\u00f3n, con posibilidad de generar l\u00edneas de acci\u00f3n conjuntas y conocer de cerca otras realidades. Contaremos con la especial participaci\u00f3n de la Presidenta del Comit\u00e9 de Igualdad de G\u00e9nero, de la Alianza Cooperativa Internacional: Ma. Eugenia P\u00e9rez.<\/div>\n<div>&nbsp;<\/div>\n<div>Por asuntos log\u00edsticos, solicitamos inscribirse previamente en el formulario que adjuntamos.&nbsp;<\/div>\n<div>&nbsp;<\/div>\n<div><a href=\"https:\/\/docs.google.com\/forms\/d\/12o20_a1cI707GUGFQaaZA5gPMXYWTK-V49U0OVyPKko\/edit\" target=\"_blank\" rel=\"noopener\" data-saferedirecturl=\"https:\/\/www.google.com\/url?q=https:\/\/docs.google.com\/forms\/d\/12o20_a1cI707GUGFQaaZA5gPMXYWTK-V49U0OVyPKko\/edit&amp;source=gmail&amp;ust=1557519826311000&amp;usg=AFQjCNHRyzPkSDnDTft7nmP0fxlOgSL7LQ\">INSCRIPCIONES AQU\u00cd<\/a><\/div>\n","protected":false},"excerpt":{"rendered":"<p>En&nbsp; el marco de la celebraci\u00f3n del Consejo de Administraci\u00f3n de Cooperativas de las Am\u00e9ricas en Montevideo, el pr\u00f3ximo lunes 20 de mayo se realiza un conversatorio sobre cooperativismo y g\u00e9nero a nivel nacional, regional e internacional. El objetivo del espacio es intercambiar entre las mujeres referentes del cooperativismo nacional y de la regi\u00f3n sobre las pol\u00edticas de g\u00e9nero que se est\u00e1n llevando a cabo en Uruguay a nivel estatal y cooperativo. Es importante que participen las mujeres cooperativistas uruguayas porque se trata de una oportunidad \u00fanica de intercambio con mujeres de la regi\u00f3n, con posibilidad de generar l\u00edneas de [&#8230;]<\/p>\n","protected":false},"author":27,"featured_media":2617,"comment_status":"open","ping_status":"open","sticky":false,"template":"","format":"standard","meta":{"_acf_changed":false,"ngg_post_thumbnail":0,"footnotes":""},"categories":[7,6,1],"tags":[],"class_list":["post-2616","post","type-post","status-publish","format-standard","has-post-thumbnail","hentry","category-cooperativas","category-institucionales","category-noticias"],"acf":[],"_links":{"self":[{"href":"http:\/\/www.cudecoop.coop\/cudecoop\/wp-json\/wp\/v2\/posts\/2616","targetHints":{"allow":["GET"]}}],"collection":[{"href":"http:\/\/www.cudecoop.coop\/cudecoop\/wp-json\/wp\/v2\/posts"}],"about":[{"href":"http:\/\/www.cudecoop.coop\/cudecoop\/wp-json\/wp\/v2\/types\/post"}],"author":[{"embeddable":true,"href":"http:\/\/www.cudecoop.coop\/cudecoop\/wp-json\/wp\/v2\/users\/27"}],"replies":[{"embeddable":true,"href":"http:\/\/www.cudecoop.coop\/cudecoop\/wp-json\/wp\/v2\/comments?post=2616"}],"version-history":[{"count":1,"href":"http:\/\/www.cudecoop.coop\/cudecoop\/wp-json\/wp\/v2\/posts\/2616\/revisions"}],"predecessor-version":[{"id":2618,"href":"http:\/\/www.cudecoop.coop\/cudecoop\/wp-json\/wp\/v2\/posts\/2616\/revisions\/2618"}],"wp:featuredmedia":[{"embeddable":true,"href":"http:\/\/www.cudecoop.coop\/cudecoop\/wp-json\/wp\/v2\/media\/2617"}],"wp:attachment":[{"href":"http:\/\/www.cudecoop.coop\/cudecoop\/wp-json\/wp\/v2\/media?parent=2616"}],"wp:term":[{"taxonomy":"category","embeddable":true,"href":"http:\/\/www.cudecoop.coop\/cudecoop\/wp-json\/wp\/v2\/categories?post=2616"},{"taxonomy":"post_tag","embeddable":true,"href":"http:\/\/www.cudecoop.coop\/cudecoop\/wp-json\/wp\/v2\/tags?post=2616"}],"curies":[{"name":"wp","href":"https:\/\/api.w.org\/{rel}","templated":true}]}}