{"id":2606,"date":"2019-05-08T15:56:34","date_gmt":"2019-05-08T15:56:34","guid":{"rendered":"http:\/\/www.cudecoop.coop\/cudecoop\/?p=2606"},"modified":"2019-05-08T19:59:14","modified_gmt":"2019-05-08T19:59:14","slug":"debemos-pararnos-con-una-unica-voz-la-del-movimiento-cooperativo-americano","status":"publish","type":"post","link":"http:\/\/www.cudecoop.coop\/cudecoop\/debemos-pararnos-con-una-unica-voz-la-del-movimiento-cooperativo-americano\/","title":{"rendered":"&#8220;Debemos pararnos con una \u00fanica voz, la del movimiento cooperativo americano&#8221;"},"content":{"rendered":"<p>Graciela Fern\u00e1ndez particip\u00f3 en la apertura del 14o Congreso Brasile\u00f1o de Cooperativismo, y realiz\u00f3 un llamado a la unidad cooperativa de Am\u00e9rica.<\/p>\n<p>En la apertura del evento, la Presidenta de Cooperativas de las Am\u00e9ricas, destac\u00f3 el rol que est\u00e1n cumpliendo cooperativistas americanos en el mundo, ya que varios representates ocupan cargos a nivel del cooperativismo internacional. &#8220;El fortalecimiento de la gremial es una responsabilidad para Am\u00e9rica, estamos llamados a la unidad&#8221; dijo en el comienzo de su discurso.<\/p>\n<p>Se\u00f1al\u00f3 que el movimiento asumi\u00f3 en su agenda global, alinearse con la agenda de los Objetivos para el Desarrollo Sostenible que Naciones Unidas&nbsp; marco en el 2015 como linea de acci\u00f3n, ya que aparecen todos los temas que el cooperativismo ha marcado,&nbsp; el fin de la pobreza, el fin del problema del desempleo en la juventud, el fin del hambre que hay en algunas partes del Continente, y la equidad de g\u00e9nero. Adem\u00e1s del resto de los Objetivos.<\/p>\n<p>Graciela destac\u00f3 que hoy el cooperativismo debe ser el n\u00facleo central de las econom\u00edas que quieren avanzar de forma colaborativa,&nbsp; ya que el rol que las cooperativas cumplen es representar esa econom\u00eda en la que la persona est\u00e1 en el centro.<\/p>\n<p>En otra linea, se\u00f1al\u00f3 que &#8220;nuestro desaf\u00edo es pararnos con una \u00fanica voz del movimiento cooperativo americano, ante los organismos internacionales&#8221; ya que&nbsp; &#8220;cada cooperativa trabaja su propia tierra y localidad, y debemos ir m\u00e1s all\u00e1, entrar en las agendas internacionales&#8221;, se refiri\u00f3 al volumen cooperativo que representa hoy Am\u00e9rica, m\u00e1s de 200.000 cooperativas de base, y 93 organizaciones presentes en Cooperativas de las Am\u00e9ricas.<\/p>\n<p>Continu\u00f3 diciendo &#8220;debemos sumar la voz del cooperativismo en aquellos lugares donde no est\u00e1 presente, en aquellos lugares donde se dirimen las agendas internacionales. (&#8230;) Am\u00e9rica debe tener voz y presencia en esos lugares, ya que el cooperativismo es el instrumento v\u00e1lido para avanzar en el desarrollo&#8221;, resalt\u00f3.&nbsp;<\/p>\n<p>Graciela Fern\u00e1ndez concluy\u00f3 su intervenci\u00f3n invitando al movimiento cooperativo brasilero a ser parte de esta transformaci\u00f3n. Adem\u00e1s destac\u00f3 la importancia de formar a l\u00edderes cooperativos y a profesionales universitarios en cooperativismo, ya que tenemos existen desaf\u00edos en las legislaciones cooperativas de Am\u00e9rica.<\/p>\n<p>Am\u00e9rica este a\u00f1o celebra el 50 aniversario del Congreso Continental de Derecho Cooperativo realizado por primera vez en Venezuela, y lo hace entre el 18 y 21 de noviembre en Costa Rica, cuando se celebre la Asamblea Regional de Cooperativas de las Am\u00e9ricas. Esta Asamblea marca como importancia de los temas el acto y la legislaci\u00f3n cooperativa, adem\u00e1s de c\u00f3mo nos vamos a tener que parar para lograr la sostenibilidad en todos los desaf\u00edos marcados.<\/p>\n<p><a href=\"https:\/\/www.facebook.com\/sistemaocb\/\">Aqu\u00ed dejamos el video de la presentaci\u00f3n&nbsp;<\/a><\/p>\n","protected":false},"excerpt":{"rendered":"<p>Graciela Fern\u00e1ndez particip\u00f3 en la apertura del 14o Congreso Brasile\u00f1o de Cooperativismo, y realiz\u00f3 un llamado a la unidad cooperativa de Am\u00e9rica. En la apertura del evento, la Presidenta de Cooperativas de las Am\u00e9ricas, destac\u00f3 el rol que est\u00e1n cumpliendo cooperativistas americanos en el mundo, ya que varios representates ocupan cargos a nivel del cooperativismo internacional. &#8220;El fortalecimiento de la gremial es una responsabilidad para Am\u00e9rica, estamos llamados a la unidad&#8221; dijo en el comienzo de su discurso. Se\u00f1al\u00f3 que el movimiento asumi\u00f3 en su agenda global, alinearse con la agenda de los Objetivos para el Desarrollo Sostenible que Naciones [&#8230;]<\/p>\n","protected":false},"author":27,"featured_media":2607,"comment_status":"open","ping_status":"open","sticky":false,"template":"","format":"standard","meta":{"_acf_changed":false,"ngg_post_thumbnail":0,"footnotes":""},"categories":[7,6,1],"tags":[],"class_list":["post-2606","post","type-post","status-publish","format-standard","has-post-thumbnail","hentry","category-cooperativas","category-institucionales","category-noticias"],"acf":[],"_links":{"self":[{"href":"http:\/\/www.cudecoop.coop\/cudecoop\/wp-json\/wp\/v2\/posts\/2606","targetHints":{"allow":["GET"]}}],"collection":[{"href":"http:\/\/www.cudecoop.coop\/cudecoop\/wp-json\/wp\/v2\/posts"}],"about":[{"href":"http:\/\/www.cudecoop.coop\/cudecoop\/wp-json\/wp\/v2\/types\/post"}],"author":[{"embeddable":true,"href":"http:\/\/www.cudecoop.coop\/cudecoop\/wp-json\/wp\/v2\/users\/27"}],"replies":[{"embeddable":true,"href":"http:\/\/www.cudecoop.coop\/cudecoop\/wp-json\/wp\/v2\/comments?post=2606"}],"version-history":[{"count":3,"href":"http:\/\/www.cudecoop.coop\/cudecoop\/wp-json\/wp\/v2\/posts\/2606\/revisions"}],"predecessor-version":[{"id":2610,"href":"http:\/\/www.cudecoop.coop\/cudecoop\/wp-json\/wp\/v2\/posts\/2606\/revisions\/2610"}],"wp:featuredmedia":[{"embeddable":true,"href":"http:\/\/www.cudecoop.coop\/cudecoop\/wp-json\/wp\/v2\/media\/2607"}],"wp:attachment":[{"href":"http:\/\/www.cudecoop.coop\/cudecoop\/wp-json\/wp\/v2\/media?parent=2606"}],"wp:term":[{"taxonomy":"category","embeddable":true,"href":"http:\/\/www.cudecoop.coop\/cudecoop\/wp-json\/wp\/v2\/categories?post=2606"},{"taxonomy":"post_tag","embeddable":true,"href":"http:\/\/www.cudecoop.coop\/cudecoop\/wp-json\/wp\/v2\/tags?post=2606"}],"curies":[{"name":"wp","href":"https:\/\/api.w.org\/{rel}","templated":true}]}}