{"id":2600,"date":"2019-04-30T19:26:37","date_gmt":"2019-04-30T19:26:37","guid":{"rendered":"http:\/\/www.cudecoop.coop\/cudecoop\/?p=2600"},"modified":"2019-04-30T19:28:50","modified_gmt":"2019-04-30T19:28:50","slug":"complementando-esfuerzos-para-la-cooperacion","status":"publish","type":"post","link":"http:\/\/www.cudecoop.coop\/cudecoop\/complementando-esfuerzos-para-la-cooperacion\/","title":{"rendered":"Complementando esfuerzos para la cooperaci\u00f3n"},"content":{"rendered":"<p>En la jornada del martes 30 de abril, Graciela Fern\u00e1ndez como Presidenta de Cooperativas de las Am\u00e9ricas, se reuni\u00f3 con Andrea Vignolo, Directora Ejecutiva de la Agencia Uruguaya de la Cooperaci\u00f3n Internacional (AUCI).<\/p>\n<p>El objetivo del encuentro fue intercambiar sobre la pol\u00edtica de la Cooperaci\u00f3n Internacional de Uruguay para el desarrollo sostenible, recientemente aprobada y difundida por AUCI y las prioridades pol\u00edticas y de cooperaci\u00f3n de Cooperativas de las Am\u00e9ricas.&nbsp;<\/p>\n<p>Se destac\u00f3 el compromiso del movimiento cooperativo con los Objetivos para el Desarrollo Sostenible, la intersectorialidad del mismo, as\u00ed como algunas herramientas importantes que brinda la Plataforma de Cooperativas de las Am\u00e9ricas para el Desarrollo, impulsada por Cooperativas de las Am\u00e9ricas.&nbsp;&nbsp;<\/p>\n<p>En esta primera instancia se identificaron varios posibles espacios de cooperaci\u00f3n rec\u00edproca, a trav\u00e9s de los cuales se podr\u00e1n reforzar las acciones en marcha de la organizaci\u00f3n regional.<\/p>\n<p>&nbsp;<\/p>\n<p>&nbsp;<\/p>\n","protected":false},"excerpt":{"rendered":"<p>En la jornada del martes 30 de abril, Graciela Fern\u00e1ndez como Presidenta de Cooperativas de las Am\u00e9ricas, se reuni\u00f3 con Andrea Vignolo, Directora Ejecutiva de la Agencia Uruguaya de la Cooperaci\u00f3n Internacional (AUCI). El objetivo del encuentro fue intercambiar sobre la pol\u00edtica de la Cooperaci\u00f3n Internacional de Uruguay para el desarrollo sostenible, recientemente aprobada y difundida por AUCI y las prioridades pol\u00edticas y de cooperaci\u00f3n de Cooperativas de las Am\u00e9ricas.&nbsp; Se destac\u00f3 el compromiso del movimiento cooperativo con los Objetivos para el Desarrollo Sostenible, la intersectorialidad del mismo, as\u00ed como algunas herramientas importantes que brinda la Plataforma de Cooperativas de [&#8230;]<\/p>\n","protected":false},"author":27,"featured_media":2601,"comment_status":"open","ping_status":"open","sticky":false,"template":"","format":"standard","meta":{"_acf_changed":false,"ngg_post_thumbnail":0,"footnotes":""},"categories":[7,6,1],"tags":[],"class_list":["post-2600","post","type-post","status-publish","format-standard","has-post-thumbnail","hentry","category-cooperativas","category-institucionales","category-noticias"],"acf":[],"_links":{"self":[{"href":"http:\/\/www.cudecoop.coop\/cudecoop\/wp-json\/wp\/v2\/posts\/2600","targetHints":{"allow":["GET"]}}],"collection":[{"href":"http:\/\/www.cudecoop.coop\/cudecoop\/wp-json\/wp\/v2\/posts"}],"about":[{"href":"http:\/\/www.cudecoop.coop\/cudecoop\/wp-json\/wp\/v2\/types\/post"}],"author":[{"embeddable":true,"href":"http:\/\/www.cudecoop.coop\/cudecoop\/wp-json\/wp\/v2\/users\/27"}],"replies":[{"embeddable":true,"href":"http:\/\/www.cudecoop.coop\/cudecoop\/wp-json\/wp\/v2\/comments?post=2600"}],"version-history":[{"count":3,"href":"http:\/\/www.cudecoop.coop\/cudecoop\/wp-json\/wp\/v2\/posts\/2600\/revisions"}],"predecessor-version":[{"id":2604,"href":"http:\/\/www.cudecoop.coop\/cudecoop\/wp-json\/wp\/v2\/posts\/2600\/revisions\/2604"}],"wp:featuredmedia":[{"embeddable":true,"href":"http:\/\/www.cudecoop.coop\/cudecoop\/wp-json\/wp\/v2\/media\/2601"}],"wp:attachment":[{"href":"http:\/\/www.cudecoop.coop\/cudecoop\/wp-json\/wp\/v2\/media?parent=2600"}],"wp:term":[{"taxonomy":"category","embeddable":true,"href":"http:\/\/www.cudecoop.coop\/cudecoop\/wp-json\/wp\/v2\/categories?post=2600"},{"taxonomy":"post_tag","embeddable":true,"href":"http:\/\/www.cudecoop.coop\/cudecoop\/wp-json\/wp\/v2\/tags?post=2600"}],"curies":[{"name":"wp","href":"https:\/\/api.w.org\/{rel}","templated":true}]}}