{"id":2594,"date":"2019-04-29T19:36:57","date_gmt":"2019-04-29T19:36:57","guid":{"rendered":"http:\/\/www.cudecoop.coop\/cudecoop\/?p=2594"},"modified":"2019-04-29T19:36:57","modified_gmt":"2019-04-29T19:36:57","slug":"uruguay-y-francia-construyen-agenda-cooperativa","status":"publish","type":"post","link":"http:\/\/www.cudecoop.coop\/cudecoop\/uruguay-y-francia-construyen-agenda-cooperativa\/","title":{"rendered":"Uruguay y Francia construyen agenda cooperativa"},"content":{"rendered":"<p><strong>El jueves 25 de abril recibimos a Christophe Itier en nuestra casa, esta<\/strong> <strong>visita se desarroll\u00f3 en el marco del rol que Francia juega en la <em>Presidencia del Grupo Piloto Internacional por la Econom\u00eda Social y Solidaria (GPIESS)<\/em>. <\/strong><\/p>\n<p>El presidente del GPIESS y Alto Comisado para la ESS del Ministerio de la Transici\u00f3n Ecol\u00f3gica y Solidaria del Gobierno de Francia, Christophe Itier, particip\u00f3 de una reuni\u00f3n en la sede de CUDECOOP junto con Sarah Robin, Jefa de Gabinete del Alto Comisario de la ESS; la Dra. Graciela Fern\u00e1ndez, presidenta de CUDECOOP y de Cooperativas de las Am\u00e9ricas, Regi\u00f3n de la Alianza Cooperativa Internacional; representantes de la Embajada de Francia y directivos de CUDECOOP.<\/p>\n<p><img loading=\"lazy\" decoding=\"async\" class=\"alignnone size-medium wp-image-2596\" src=\"http:\/\/www.cudecoop.coop\/cudecoop\/wp-content\/uploads\/2019\/04\/20190425_112101-300x225.jpg\" alt=\"\" width=\"300\" height=\"225\" srcset=\"http:\/\/www.cudecoop.coop\/cudecoop\/wp-content\/uploads\/2019\/04\/20190425_112101-300x225.jpg 300w, http:\/\/www.cudecoop.coop\/cudecoop\/wp-content\/uploads\/2019\/04\/20190425_112101-768x576.jpg 768w, http:\/\/www.cudecoop.coop\/cudecoop\/wp-content\/uploads\/2019\/04\/20190425_112101-1024x768.jpg 1024w, http:\/\/www.cudecoop.coop\/cudecoop\/wp-content\/uploads\/2019\/04\/20190425_112101-24x18.jpg 24w, http:\/\/www.cudecoop.coop\/cudecoop\/wp-content\/uploads\/2019\/04\/20190425_112101-36x27.jpg 36w, http:\/\/www.cudecoop.coop\/cudecoop\/wp-content\/uploads\/2019\/04\/20190425_112101-48x36.jpg 48w\" sizes=\"auto, (max-width: 300px) 100vw, 300px\" \/><\/p>\n<p>La visita de la delegaci\u00f3n francesa en Uruguay, tuvo dos objetivos, por un lado conocer c\u00f3mo se desarrolla la Econom\u00eda Social en Uruguay para estudiar una eventual agenda binacional franco-uruguaya.<\/p>\n<p>Sobre este punto lo que se quiere es profundizar el intercambio con las cooperativas francesas y dem\u00e1s actores que conforman su Econom\u00eda Social y Solidaria. En ese aspecto, Itier se\u00f1al\u00f3 los avances que en t\u00e9rminos normativos ha ido desarrollando Francia a partir de la legislaci\u00f3n marco para la ESS aprobada en 2014 y la creaci\u00f3n del Ministerio de Transici\u00f3n Ecol\u00f3gica y Solidaria. Por la embajada de Francia en Uruguay, en sinton\u00eda con GIPIESS se busca lograr acuerdos bilaterales relacionados, propuestas de intercambios de experiencias y formaci\u00f3n, todo en torno a la Econom\u00eda Social.&nbsp;<\/p>\n<p><img loading=\"lazy\" decoding=\"async\" class=\"alignnone size-medium wp-image-2597\" src=\"http:\/\/www.cudecoop.coop\/cudecoop\/wp-content\/uploads\/2019\/04\/20190425_112038-300x225.jpg\" alt=\"\" width=\"300\" height=\"225\" srcset=\"http:\/\/www.cudecoop.coop\/cudecoop\/wp-content\/uploads\/2019\/04\/20190425_112038-300x225.jpg 300w, http:\/\/www.cudecoop.coop\/cudecoop\/wp-content\/uploads\/2019\/04\/20190425_112038-768x576.jpg 768w, http:\/\/www.cudecoop.coop\/cudecoop\/wp-content\/uploads\/2019\/04\/20190425_112038-1024x768.jpg 1024w, http:\/\/www.cudecoop.coop\/cudecoop\/wp-content\/uploads\/2019\/04\/20190425_112038-24x18.jpg 24w, http:\/\/www.cudecoop.coop\/cudecoop\/wp-content\/uploads\/2019\/04\/20190425_112038-36x27.jpg 36w, http:\/\/www.cudecoop.coop\/cudecoop\/wp-content\/uploads\/2019\/04\/20190425_112038-48x36.jpg 48w\" sizes=\"auto, (max-width: 300px) 100vw, 300px\" \/><\/p>\n<p>El 2do objetivo de la visita, tuvo que ver con que GPIESS busca avanzar sobre su estrategia internacional para generar, a nivel global, una Resoluci\u00f3n de Naciones Unidas orientada a la promoci\u00f3n de la Econom\u00eda Social.<\/p>\n<p>En estos encuentros, tambi\u00e9n se trabaj\u00f3 sobre los desaf\u00edos que enfrenta el planeta en t\u00e9rminos sociales, ecol\u00f3gicos, econ\u00f3micos y pol\u00edticos; respecto a la importancia para el bienestar global y la Econom\u00eda Social y Solidaria como factor clave para la sostenibilidad.<\/p>\n<p>Desde la Alianza Cooperativa Internacional, y con mirada a un futuro de agenda com\u00fan, se plantea trabajar sobre los Objetivos del Desarrollo Sostenible, facilitar los procesos de construcci\u00f3n de alianzas globales entre los distintos actores de la ESS y la incidencia de la ONU y otras agencias intergubernamentales.<\/p>\n<p><img loading=\"lazy\" decoding=\"async\" class=\"alignnone size-medium wp-image-2598\" src=\"http:\/\/www.cudecoop.coop\/cudecoop\/wp-content\/uploads\/2019\/04\/20190425_114402-300x225.jpg\" alt=\"\" width=\"300\" height=\"225\" srcset=\"http:\/\/www.cudecoop.coop\/cudecoop\/wp-content\/uploads\/2019\/04\/20190425_114402-300x225.jpg 300w, http:\/\/www.cudecoop.coop\/cudecoop\/wp-content\/uploads\/2019\/04\/20190425_114402-768x576.jpg 768w, http:\/\/www.cudecoop.coop\/cudecoop\/wp-content\/uploads\/2019\/04\/20190425_114402-1024x768.jpg 1024w, http:\/\/www.cudecoop.coop\/cudecoop\/wp-content\/uploads\/2019\/04\/20190425_114402-24x18.jpg 24w, http:\/\/www.cudecoop.coop\/cudecoop\/wp-content\/uploads\/2019\/04\/20190425_114402-36x27.jpg 36w, http:\/\/www.cudecoop.coop\/cudecoop\/wp-content\/uploads\/2019\/04\/20190425_114402-48x36.jpg 48w\" sizes=\"auto, (max-width: 300px) 100vw, 300px\" \/><\/p>\n<p>En este sentido se coment\u00f3 el papel de Uruguay en la Presidencia Continental de Cooperativas&nbsp;de las Am\u00e9ricas, y la Vicepresidencia de la Alianza Internacional. El rol que la regi\u00f3n juega hoy en la conducci\u00f3n&nbsp;global de ACI y la posible cooperaci\u00f3n rec\u00edproca entre Estados afines a promover el sector y el movimiento cooperativo organizado.<\/p>\n<p>Las acciones continuar\u00e1n en pos de una posible cooperaci\u00f3n rec\u00edproca por quienes buscan promover al movimiento cooperativo organizado tanto a nivel nacional como continental y global.<\/p>\n","protected":false},"excerpt":{"rendered":"<p>El jueves 25 de abril recibimos a Christophe Itier en nuestra casa, esta visita se desarroll\u00f3 en el marco del rol que Francia juega en la Presidencia del Grupo Piloto Internacional por la Econom\u00eda Social y Solidaria (GPIESS). El presidente del GPIESS y Alto Comisado para la ESS del Ministerio de la Transici\u00f3n Ecol\u00f3gica y Solidaria del Gobierno de Francia, Christophe Itier, particip\u00f3 de una reuni\u00f3n en la sede de CUDECOOP junto con Sarah Robin, Jefa de Gabinete del Alto Comisario de la ESS; la Dra. Graciela Fern\u00e1ndez, presidenta de CUDECOOP y de Cooperativas de las Am\u00e9ricas, Regi\u00f3n de la [&#8230;]<\/p>\n","protected":false},"author":27,"featured_media":2595,"comment_status":"open","ping_status":"open","sticky":false,"template":"","format":"standard","meta":{"_acf_changed":false,"ngg_post_thumbnail":0,"footnotes":""},"categories":[7,6,1],"tags":[],"class_list":["post-2594","post","type-post","status-publish","format-standard","has-post-thumbnail","hentry","category-cooperativas","category-institucionales","category-noticias"],"acf":[],"_links":{"self":[{"href":"http:\/\/www.cudecoop.coop\/cudecoop\/wp-json\/wp\/v2\/posts\/2594","targetHints":{"allow":["GET"]}}],"collection":[{"href":"http:\/\/www.cudecoop.coop\/cudecoop\/wp-json\/wp\/v2\/posts"}],"about":[{"href":"http:\/\/www.cudecoop.coop\/cudecoop\/wp-json\/wp\/v2\/types\/post"}],"author":[{"embeddable":true,"href":"http:\/\/www.cudecoop.coop\/cudecoop\/wp-json\/wp\/v2\/users\/27"}],"replies":[{"embeddable":true,"href":"http:\/\/www.cudecoop.coop\/cudecoop\/wp-json\/wp\/v2\/comments?post=2594"}],"version-history":[{"count":1,"href":"http:\/\/www.cudecoop.coop\/cudecoop\/wp-json\/wp\/v2\/posts\/2594\/revisions"}],"predecessor-version":[{"id":2599,"href":"http:\/\/www.cudecoop.coop\/cudecoop\/wp-json\/wp\/v2\/posts\/2594\/revisions\/2599"}],"wp:featuredmedia":[{"embeddable":true,"href":"http:\/\/www.cudecoop.coop\/cudecoop\/wp-json\/wp\/v2\/media\/2595"}],"wp:attachment":[{"href":"http:\/\/www.cudecoop.coop\/cudecoop\/wp-json\/wp\/v2\/media?parent=2594"}],"wp:term":[{"taxonomy":"category","embeddable":true,"href":"http:\/\/www.cudecoop.coop\/cudecoop\/wp-json\/wp\/v2\/categories?post=2594"},{"taxonomy":"post_tag","embeddable":true,"href":"http:\/\/www.cudecoop.coop\/cudecoop\/wp-json\/wp\/v2\/tags?post=2594"}],"curies":[{"name":"wp","href":"https:\/\/api.w.org\/{rel}","templated":true}]}}