{"id":2591,"date":"2019-04-29T17:28:25","date_gmt":"2019-04-29T17:28:25","guid":{"rendered":"http:\/\/www.cudecoop.coop\/cudecoop\/?p=2591"},"modified":"2019-04-29T17:28:25","modified_gmt":"2019-04-29T17:28:25","slug":"encuentro-intercooperativo-de-maldonado","status":"publish","type":"post","link":"http:\/\/www.cudecoop.coop\/cudecoop\/encuentro-intercooperativo-de-maldonado\/","title":{"rendered":"Encuentro Intercooperativo de Maldonado"},"content":{"rendered":"<p>S\u00e1bado 27 de abril, en la Junta Departamental de Maldonado, las cooperativas del departamento realizaron un encuentro intercooperativo.&nbsp;<\/p>\n<p>Participaron distintas autoridades,&nbsp; entre ellas:&nbsp;<\/p>\n<p>\u00c1ngeles Dati, Vicepresidenta primera de Cudecoop;&nbsp; Mario F\u00edgoli, directivo de Fucvam; Virginia San Mart\u00edn, Presidenta de CAF; Richard Silveira y Claudia Becerra por FCPU; R\u00faben Mart\u00ednez,&nbsp;directivo de FUCC; Jaime Sztern (Cofuema) representante de la Mesa Intercooperativa.&nbsp;<\/p>\n<p>El encuentro se desarroll\u00f3 en el marco del proyecto de Desarrollo cooperativo territorial, convocado por la Mesa del departamento, con objetivo de acercar las oportunidades existentes en el movimiento cooperativo para promover la intercooperaci\u00f3n, a trav\u00e9s del acercamiento entre las gremiales cooperativas y las cooperativas de base.&nbsp;<\/p>\n<p>Se aprovech\u00f3 la oportunidad para presentar al S\u00edcoop, a cargo de FUCC.&nbsp;<\/p>\n<p>Participaron del encuentro todas las clases cooperativas, y se acord\u00f3 que la Mesa convocar\u00e1 a reuniones sectoriales para continuar trabajando.&nbsp;<\/p>\n<p>&nbsp;<\/p>\n","protected":false},"excerpt":{"rendered":"<p>S\u00e1bado 27 de abril, en la Junta Departamental de Maldonado, las cooperativas del departamento realizaron un encuentro intercooperativo.&nbsp; Participaron distintas autoridades,&nbsp; entre ellas:&nbsp; \u00c1ngeles Dati, Vicepresidenta primera de Cudecoop;&nbsp; Mario F\u00edgoli, directivo de Fucvam; Virginia San Mart\u00edn, Presidenta de CAF; Richard Silveira y Claudia Becerra por FCPU; R\u00faben Mart\u00ednez,&nbsp;directivo de FUCC; Jaime Sztern (Cofuema) representante de la Mesa Intercooperativa.&nbsp; El encuentro se desarroll\u00f3 en el marco del proyecto de Desarrollo cooperativo territorial, convocado por la Mesa del departamento, con objetivo de acercar las oportunidades existentes en el movimiento cooperativo para promover la intercooperaci\u00f3n, a trav\u00e9s del acercamiento entre las gremiales [&#8230;]<\/p>\n","protected":false},"author":27,"featured_media":2592,"comment_status":"open","ping_status":"open","sticky":false,"template":"","format":"standard","meta":{"_acf_changed":false,"ngg_post_thumbnail":0,"footnotes":""},"categories":[7,6,1],"tags":[],"class_list":["post-2591","post","type-post","status-publish","format-standard","has-post-thumbnail","hentry","category-cooperativas","category-institucionales","category-noticias"],"acf":[],"_links":{"self":[{"href":"http:\/\/www.cudecoop.coop\/cudecoop\/wp-json\/wp\/v2\/posts\/2591","targetHints":{"allow":["GET"]}}],"collection":[{"href":"http:\/\/www.cudecoop.coop\/cudecoop\/wp-json\/wp\/v2\/posts"}],"about":[{"href":"http:\/\/www.cudecoop.coop\/cudecoop\/wp-json\/wp\/v2\/types\/post"}],"author":[{"embeddable":true,"href":"http:\/\/www.cudecoop.coop\/cudecoop\/wp-json\/wp\/v2\/users\/27"}],"replies":[{"embeddable":true,"href":"http:\/\/www.cudecoop.coop\/cudecoop\/wp-json\/wp\/v2\/comments?post=2591"}],"version-history":[{"count":1,"href":"http:\/\/www.cudecoop.coop\/cudecoop\/wp-json\/wp\/v2\/posts\/2591\/revisions"}],"predecessor-version":[{"id":2593,"href":"http:\/\/www.cudecoop.coop\/cudecoop\/wp-json\/wp\/v2\/posts\/2591\/revisions\/2593"}],"wp:featuredmedia":[{"embeddable":true,"href":"http:\/\/www.cudecoop.coop\/cudecoop\/wp-json\/wp\/v2\/media\/2592"}],"wp:attachment":[{"href":"http:\/\/www.cudecoop.coop\/cudecoop\/wp-json\/wp\/v2\/media?parent=2591"}],"wp:term":[{"taxonomy":"category","embeddable":true,"href":"http:\/\/www.cudecoop.coop\/cudecoop\/wp-json\/wp\/v2\/categories?post=2591"},{"taxonomy":"post_tag","embeddable":true,"href":"http:\/\/www.cudecoop.coop\/cudecoop\/wp-json\/wp\/v2\/tags?post=2591"}],"curies":[{"name":"wp","href":"https:\/\/api.w.org\/{rel}","templated":true}]}}