{"id":2574,"date":"2019-04-12T21:02:34","date_gmt":"2019-04-12T21:02:34","guid":{"rendered":"http:\/\/www.cudecoop.coop\/cudecoop\/?p=2574"},"modified":"2019-04-23T14:43:12","modified_gmt":"2019-04-23T14:43:12","slug":"convocatoria-miem-fondes-inacoop-abiertas-para-cooperativas","status":"publish","type":"post","link":"http:\/\/www.cudecoop.coop\/cudecoop\/convocatoria-miem-fondes-inacoop-abiertas-para-cooperativas\/","title":{"rendered":"Convocatoria MIEM-FONDES INACOOP abiertas para cooperativas"},"content":{"rendered":"<p>El jueves 11 de abril se llev\u00f3 a cabo en la sede del Instituto Nacional del Cooperativismo una actividad abierta para presentar instrumentos de financiamiento que promueven inversiones en equipos, desarrollo comercial y maquinaria.<\/p>\n<p><img loading=\"lazy\" decoding=\"async\" class=\"alignnone size-medium wp-image-2580 aligncenter\" src=\"http:\/\/www.cudecoop.coop\/cudecoop\/wp-content\/uploads\/2019\/04\/DSC_0010-300x200.jpg\" alt=\"\" width=\"300\" height=\"200\" srcset=\"http:\/\/www.cudecoop.coop\/cudecoop\/wp-content\/uploads\/2019\/04\/DSC_0010-300x200.jpg 300w, http:\/\/www.cudecoop.coop\/cudecoop\/wp-content\/uploads\/2019\/04\/DSC_0010-768x512.jpg 768w, http:\/\/www.cudecoop.coop\/cudecoop\/wp-content\/uploads\/2019\/04\/DSC_0010-1024x683.jpg 1024w, http:\/\/www.cudecoop.coop\/cudecoop\/wp-content\/uploads\/2019\/04\/DSC_0010-24x16.jpg 24w, http:\/\/www.cudecoop.coop\/cudecoop\/wp-content\/uploads\/2019\/04\/DSC_0010-36x24.jpg 36w, http:\/\/www.cudecoop.coop\/cudecoop\/wp-content\/uploads\/2019\/04\/DSC_0010-48x32.jpg 48w\" sizes=\"auto, (max-width: 300px) 100vw, 300px\" \/><\/p>\n<p>El evento cont\u00f3&nbsp;con la presencia de la Subsecretaria de MIEM, Olga Otegui, el Subsecretario del Ministro de Trabajo y Seguridad Social, Nelson Loustaunau, el Vicepresidente Segundo de CUDECOOP, Juan Carlos Canessa, el Director del Instituto Cuesta Duarte del PIT CNT, Milton Castellanos y del Presidente del INACOOP Gustavo Bernini.<\/p>\n<p>\u201cEl 3er lanzamiento para presentarse al Fondo para el Desarrollo, demuestra lo fundamental que es transverzalisar las pol\u00edticas p\u00fablicas para complementar esfuerzos\u201d se\u00f1al\u00f3 el presidente del INACOOP, Gustavo Bernini.<\/p>\n<p>Juan Carlos Canessa, vicepresidente segundo de CUDECOOP, dijo que \u201cestamos en un momento muy importante del cooperativismo uruguayo, en el que hay que aprovechar las herramientas que existen para seguir consolid\u00e1ndonos m\u00e1s fuertemente como movimiento\u201d&nbsp;<\/p>\n<p>&nbsp;<\/p>\n<p>El director del Instituto Cuesta Duarte del PIT CNT,&nbsp;Milton Castellanos indic\u00f3 que \u201cel trabajo no se focaliza solo en la tecnolog\u00eda, la forma en c\u00f3mo se organiza el trabajo es lo que hay que pensar, y en esto las cooperativas son innovadoras, en su formato colaborativo\u201d.<\/p>\n<p>\u201cHace 100 a\u00f1os se creaba la Organizaci\u00f3n Internacional del Trabajo&#8221;, indic\u00f3 Nelson Loustaunau,&nbsp;subsecretario del Ministerio de Trabajo y Seguridad Social, &#8220;momento que marc\u00f3 la centralidad del trabajo en la vida de las personas. Este a\u00f1o la OIT marca su aniversario sobre el futuro del trabajo, sobre cu\u00e1l va a ser el nuevo contrato social\u201d&nbsp;<\/p>\n<p>Por otro lado, Olga Otegui, Subsecretaria del Ministerio de Industria, se\u00f1al\u00f3 que \u201ctenemos que fomentar el desarrollo del trabajo tecnol\u00f3gico a trav\u00e9s del trabajo colaborativo. Trabajamos con cooperativas de diversos sectores en todo el pa\u00eds. El apoyo es en uso tecnol\u00f3gico, capacitaci\u00f3n y varias \u00e1reas m\u00e1s\u201d.&nbsp;<\/p>\n<p><img loading=\"lazy\" decoding=\"async\" class=\"alignnone size-medium wp-image-2581\" src=\"http:\/\/www.cudecoop.coop\/cudecoop\/wp-content\/uploads\/2019\/04\/DSC_0005-300x200.jpg\" alt=\"\" width=\"300\" height=\"200\" srcset=\"http:\/\/www.cudecoop.coop\/cudecoop\/wp-content\/uploads\/2019\/04\/DSC_0005-300x200.jpg 300w, http:\/\/www.cudecoop.coop\/cudecoop\/wp-content\/uploads\/2019\/04\/DSC_0005-768x512.jpg 768w, http:\/\/www.cudecoop.coop\/cudecoop\/wp-content\/uploads\/2019\/04\/DSC_0005-1024x683.jpg 1024w, http:\/\/www.cudecoop.coop\/cudecoop\/wp-content\/uploads\/2019\/04\/DSC_0005-24x16.jpg 24w, http:\/\/www.cudecoop.coop\/cudecoop\/wp-content\/uploads\/2019\/04\/DSC_0005-36x24.jpg 36w, http:\/\/www.cudecoop.coop\/cudecoop\/wp-content\/uploads\/2019\/04\/DSC_0005-48x32.jpg 48w\" sizes=\"auto, (max-width: 300px) 100vw, 300px\" \/><\/p>\n<p>Se invit\u00f3 a V\u00edctor Gonz\u00e1lez, Ingeniero Agr\u00f3nomo de&nbsp; COLAVECO, cooperativa de Nueva Helvecia, para que compartiera su experiencia tras haber recibido apoyo para capacitaci\u00f3n y financiamiento para compra de equipamientos en la convocatoria anterior.<\/p>\n<p>&nbsp;<\/p>\n<p>Las convocatorias MIEM-FONDES INACOOP y MIEM a cooperativas, se canalizar\u00e1n a trav\u00e9s de una \u201cventanilla \u00fanica\u201d que estar\u00e1 abierta hasta el 14 de junio inclusive.<\/p>\n<p>Esta convocatoria, prev\u00e9 que se puedan financiar proyectos de inversi\u00f3n que busquen ampliar la capacidad instalada de una planta, desarrollar nuevos productos o servicios con los que acceder a nuevos mercados, tambi\u00e9n incorporar tecnolog\u00eda para mejorar la calidad o los procesos productivos.<\/p>\n<p>Los proyectos que resulten beneficiarios, obtendr\u00e1n un financiamiento mixto, compuesto de una parte reintegrable y una parte no reintegrable.<\/p>\n<p>La v\u00eda de contacto para acceder a m\u00e1s informaci\u00f3n es <a href=\"mailto:consultas@inacoop.org.uy\">consultas@inacoop.org.uy<\/a><\/p>\n<p><a href=\"https:\/\/www.inacoop.org.uy\/single-post\/2019\/04\/12\/BASES-CONVOCATORIA-CONJUNTA-2019-MIEM-INACOOP-FONDES?fbclid=IwAR1HVgzk4ysD14zBQTkIKUN_0tvQMtv9w_SV5nsXMnvyuc-Uj-Er52u04k4\">Dejamos aqu\u00ed las bases de la convocatoria<\/a><\/p>\n<p>&nbsp;<\/p>\n<p>&nbsp;<\/p>\n<h2>&nbsp;<\/h2>\n<p>&nbsp;<\/p>\n","protected":false},"excerpt":{"rendered":"<p>El jueves 11 de abril se llev\u00f3 a cabo en la sede del Instituto Nacional del Cooperativismo una actividad abierta para presentar instrumentos de financiamiento que promueven inversiones en equipos, desarrollo comercial y maquinaria. El evento cont\u00f3&nbsp;con la presencia de la Subsecretaria de MIEM, Olga Otegui, el Subsecretario del Ministro de Trabajo y Seguridad Social, Nelson Loustaunau, el Vicepresidente Segundo de CUDECOOP, Juan Carlos Canessa, el Director del Instituto Cuesta Duarte del PIT CNT, Milton Castellanos y del Presidente del INACOOP Gustavo Bernini. \u201cEl 3er lanzamiento para presentarse al Fondo para el Desarrollo, demuestra lo fundamental que es transverzalisar las [&#8230;]<\/p>\n","protected":false},"author":27,"featured_media":2580,"comment_status":"open","ping_status":"open","sticky":false,"template":"","format":"standard","meta":{"_acf_changed":false,"ngg_post_thumbnail":0,"footnotes":""},"categories":[7,6,1],"tags":[],"class_list":["post-2574","post","type-post","status-publish","format-standard","has-post-thumbnail","hentry","category-cooperativas","category-institucionales","category-noticias"],"acf":[],"_links":{"self":[{"href":"http:\/\/www.cudecoop.coop\/cudecoop\/wp-json\/wp\/v2\/posts\/2574","targetHints":{"allow":["GET"]}}],"collection":[{"href":"http:\/\/www.cudecoop.coop\/cudecoop\/wp-json\/wp\/v2\/posts"}],"about":[{"href":"http:\/\/www.cudecoop.coop\/cudecoop\/wp-json\/wp\/v2\/types\/post"}],"author":[{"embeddable":true,"href":"http:\/\/www.cudecoop.coop\/cudecoop\/wp-json\/wp\/v2\/users\/27"}],"replies":[{"embeddable":true,"href":"http:\/\/www.cudecoop.coop\/cudecoop\/wp-json\/wp\/v2\/comments?post=2574"}],"version-history":[{"count":3,"href":"http:\/\/www.cudecoop.coop\/cudecoop\/wp-json\/wp\/v2\/posts\/2574\/revisions"}],"predecessor-version":[{"id":2590,"href":"http:\/\/www.cudecoop.coop\/cudecoop\/wp-json\/wp\/v2\/posts\/2574\/revisions\/2590"}],"wp:featuredmedia":[{"embeddable":true,"href":"http:\/\/www.cudecoop.coop\/cudecoop\/wp-json\/wp\/v2\/media\/2580"}],"wp:attachment":[{"href":"http:\/\/www.cudecoop.coop\/cudecoop\/wp-json\/wp\/v2\/media?parent=2574"}],"wp:term":[{"taxonomy":"category","embeddable":true,"href":"http:\/\/www.cudecoop.coop\/cudecoop\/wp-json\/wp\/v2\/categories?post=2574"},{"taxonomy":"post_tag","embeddable":true,"href":"http:\/\/www.cudecoop.coop\/cudecoop\/wp-json\/wp\/v2\/tags?post=2574"}],"curies":[{"name":"wp","href":"https:\/\/api.w.org\/{rel}","templated":true}]}}