{"id":2563,"date":"2019-04-08T19:18:57","date_gmt":"2019-04-08T19:18:57","guid":{"rendered":"http:\/\/www.cudecoop.coop\/cudecoop\/?p=2563"},"modified":"2019-04-08T19:18:57","modified_gmt":"2019-04-08T19:18:57","slug":"oportunidades-para-cooperativas-2019","status":"publish","type":"post","link":"http:\/\/www.cudecoop.coop\/cudecoop\/oportunidades-para-cooperativas-2019\/","title":{"rendered":"Oportunidades para cooperativas 2019"},"content":{"rendered":"<p>En el marco del tercer llamado del Fondo Para el Desarrollo, el jueves 11 de abril a las 9.30 h en Inacoop se presentan las herramientas existentes a partir de acuerdos entre el Ministerio de Industria, Energ\u00eda y Miner\u00eda -MIEM- y el Instituto Nacional del Cooperativismo -INACOOP- con apoyo de CUDECOOP, para apoyar al desarrollo productivo de las cooperativas.<\/p>\n<p>Actualmente existe un amplio abanico de herramientas impulsadas por las organizaciones mencionadas para apoyar a las cooperativas en todos los ciclos de vida. Adem\u00e1s las tres organizaciones han generado diversas alianzas para el desarrollo de estrategias conjuntas de promoci\u00f3n, difusi\u00f3n y acercamiento a las cooperativas de base.&nbsp;<\/p>\n<p>Participar\u00e1n del evento&nbsp;Olga Otegui \u2013 Subsecretaria MIEM,&nbsp;Nelson Loustaunau \u2013 Subsecretario de MTSS,&nbsp;Juan Canessa \u2013 Vicepresidente de CUDECOOP,&nbsp;Gustavo Bernini \u2013 Presidente de INACOOP,&nbsp; y&nbsp;Milton Castellanos \u2013 Presidente del Instituto Cuesta Duarte PIT-CNT.&nbsp;<\/p>\n","protected":false},"excerpt":{"rendered":"<p>En el marco del tercer llamado del Fondo Para el Desarrollo, el jueves 11 de abril a las 9.30 h en Inacoop se presentan las herramientas existentes a partir de acuerdos entre el Ministerio de Industria, Energ\u00eda y Miner\u00eda -MIEM- y el Instituto Nacional del Cooperativismo -INACOOP- con apoyo de CUDECOOP, para apoyar al desarrollo productivo de las cooperativas. Actualmente existe un amplio abanico de herramientas impulsadas por las organizaciones mencionadas para apoyar a las cooperativas en todos los ciclos de vida. Adem\u00e1s las tres organizaciones han generado diversas alianzas para el desarrollo de estrategias conjuntas de promoci\u00f3n, difusi\u00f3n y [&#8230;]<\/p>\n","protected":false},"author":27,"featured_media":2564,"comment_status":"open","ping_status":"open","sticky":false,"template":"","format":"standard","meta":{"_acf_changed":false,"ngg_post_thumbnail":0,"footnotes":""},"categories":[7,6,1],"tags":[],"class_list":["post-2563","post","type-post","status-publish","format-standard","has-post-thumbnail","hentry","category-cooperativas","category-institucionales","category-noticias"],"acf":[],"_links":{"self":[{"href":"http:\/\/www.cudecoop.coop\/cudecoop\/wp-json\/wp\/v2\/posts\/2563","targetHints":{"allow":["GET"]}}],"collection":[{"href":"http:\/\/www.cudecoop.coop\/cudecoop\/wp-json\/wp\/v2\/posts"}],"about":[{"href":"http:\/\/www.cudecoop.coop\/cudecoop\/wp-json\/wp\/v2\/types\/post"}],"author":[{"embeddable":true,"href":"http:\/\/www.cudecoop.coop\/cudecoop\/wp-json\/wp\/v2\/users\/27"}],"replies":[{"embeddable":true,"href":"http:\/\/www.cudecoop.coop\/cudecoop\/wp-json\/wp\/v2\/comments?post=2563"}],"version-history":[{"count":1,"href":"http:\/\/www.cudecoop.coop\/cudecoop\/wp-json\/wp\/v2\/posts\/2563\/revisions"}],"predecessor-version":[{"id":2565,"href":"http:\/\/www.cudecoop.coop\/cudecoop\/wp-json\/wp\/v2\/posts\/2563\/revisions\/2565"}],"wp:featuredmedia":[{"embeddable":true,"href":"http:\/\/www.cudecoop.coop\/cudecoop\/wp-json\/wp\/v2\/media\/2564"}],"wp:attachment":[{"href":"http:\/\/www.cudecoop.coop\/cudecoop\/wp-json\/wp\/v2\/media?parent=2563"}],"wp:term":[{"taxonomy":"category","embeddable":true,"href":"http:\/\/www.cudecoop.coop\/cudecoop\/wp-json\/wp\/v2\/categories?post=2563"},{"taxonomy":"post_tag","embeddable":true,"href":"http:\/\/www.cudecoop.coop\/cudecoop\/wp-json\/wp\/v2\/tags?post=2563"}],"curies":[{"name":"wp","href":"https:\/\/api.w.org\/{rel}","templated":true}]}}