{"id":2551,"date":"2019-03-29T15:51:51","date_gmt":"2019-03-29T15:51:51","guid":{"rendered":"http:\/\/www.cudecoop.coop\/cudecoop\/?p=2551"},"modified":"2019-03-29T15:52:25","modified_gmt":"2019-03-29T15:52:25","slug":"aportes-de-uruguay-en-la-construccion-de-la-nueva-decada-cooperativa","status":"publish","type":"post","link":"http:\/\/www.cudecoop.coop\/cudecoop\/aportes-de-uruguay-en-la-construccion-de-la-nueva-decada-cooperativa\/","title":{"rendered":"Aportes de Uruguay en la construcci\u00f3n de la nueva D\u00e9cada Cooperativa"},"content":{"rendered":"<p>Uruguay se compromete y trabaja intensamente en la construcci\u00f3n del futuro del cooperativismo. Tras un largo proceso de an\u00e1lisis e intercambio sobre el rumbo a tomar del cooperativismo global, les compartimos los grandes t\u00f3picos que se han impulsado desde nuestro pa\u00eds para en la planificaci\u00f3n de la siguiente d\u00e9cada cooperativa.&nbsp;<\/p>\n<p>&nbsp;<\/p>\n<p>&#8211;&gt; La identidad cooperativa, m\u00e1s all\u00e1 de ser un modelo de empresa, es una forma de ver y concebir el mundo y las relaciones. Cuenta con un marco de valores y principios de referencia. Esto no solo implica su acci\u00f3n interna sino tambi\u00e9n un marco \u00e9tico para promover a nivel mundial.<\/p>\n<p>&#8211;&gt; Trabajar por el crecimiento de la membres\u00eda de la Alianza. Se deben establecer objetivos de afiliaci\u00f3n concretos en cada Regi\u00f3n.&nbsp;<\/p>\n<p>&#8211;&gt; Profundizar la coordinaci\u00f3n del sistema cooperativo global.&nbsp; Las organizaciones sectoriales, las Regionales y Comit\u00e9s tem\u00e1ticos deber\u00edan proponer prioridades para incluir en la planificaci\u00f3n de la Alianza.&nbsp;<\/p>\n<p>&#8211;&gt;&nbsp;Profundizar el impacto pol\u00edtico del movimiento cooperativo.&nbsp; La Alianza&nbsp;deber\u00eda establecer m\u00e1s claramente su propia estrategia de investigaci\u00f3n, a la que podr\u00eda solicitar alianzas. Adem\u00e1s de&nbsp;alianzas con universidades y centros de investigaci\u00f3n. Deber\u00eda centralizarse a nivel global, pero deber\u00eda haber un compromiso por regi\u00f3n, sector y pa\u00eds en la recopilaci\u00f3n de informaci\u00f3n.<\/p>\n<p>&#8211;&gt; Profundizar la capacidad de comunicaci\u00f3n del movimiento cooperativo.&nbsp;&nbsp;La Alianza debe clarificar su comunicaci\u00f3n en todas las direcciones estrat\u00e9gicas. La comunicaci\u00f3n es clave para construir v\u00ednculos dentro de la organizaci\u00f3n global, en cuanto a la coordinaci\u00f3n y el esfuerzo de cabildeo.&nbsp; En este sentido es importante crear sinergias m\u00e1s fuertes con el personal de comunicaci\u00f3n de las organizaciones miembro, as\u00ed como las de las organizaciones sectoriales y regionales.&nbsp;<\/p>\n<p>&#8211;&gt; Profundizar la participaci\u00f3n de la juventud.&nbsp;<\/p>\n<p>&#8211;&gt; Profundizar el papel econ\u00f3mico de las cooperativas.&nbsp;M\u00e1s all\u00e1 de la comprensi\u00f3n general del papel del movimiento cooperativo global en t\u00e9rminos del PIB y el empleo, se implementar\u00e1 un an\u00e1lisis por las principales cadenas de valor, as\u00ed como por regiones. Es importante que ACI identifique los sectores con mayor potencial y colabore en los esfuerzos para desarrollar estos campos de actividades econ\u00f3micas a trav\u00e9s de asociaciones, etc.&nbsp;<\/p>\n<p>&#8211;&gt;&nbsp;La intercooperaci\u00f3n debe basarse en la informaci\u00f3n y el conocimiento sobre el movimiento cooperativo y su necesidades.&nbsp;La cooperaci\u00f3n mutua no debe dejarse a la voluntad exclusiva de las cooperativas de base, que a menudo tienen una capacidad limitada de an\u00e1lisis y proyecci\u00f3n debido a la din\u00e1mica misma de su negocio. ACI debe desarrollar una acci\u00f3n comprometida para fomentar la cooperaci\u00f3n, lo que implica la identificaci\u00f3n y propuesta de \u00e1reas de mayor inter\u00e9s para proyectos empresariales compartidos. Iniciativas de complementariedad etc.&nbsp;&nbsp;Identificar cu\u00e1les podr\u00edan hacer de tractor y ser lideres en este proceso y ser facilitador de alianzas.<\/p>\n<p>&#8211;&gt; Profundizar la acci\u00f3n com\u00fan de los grupos cooperativos.&nbsp;<\/p>\n<p>&nbsp;<\/p>\n","protected":false},"excerpt":{"rendered":"<p>Uruguay se compromete y trabaja intensamente en la construcci\u00f3n del futuro del cooperativismo. Tras un largo proceso de an\u00e1lisis e intercambio sobre el rumbo a tomar del cooperativismo global, les compartimos los grandes t\u00f3picos que se han impulsado desde nuestro pa\u00eds para en la planificaci\u00f3n de la siguiente d\u00e9cada cooperativa.&nbsp; &nbsp; &#8211;&gt; La identidad cooperativa, m\u00e1s all\u00e1 de ser un modelo de empresa, es una forma de ver y concebir el mundo y las relaciones. Cuenta con un marco de valores y principios de referencia. Esto no solo implica su acci\u00f3n interna sino tambi\u00e9n un marco \u00e9tico para promover a [&#8230;]<\/p>\n","protected":false},"author":27,"featured_media":2553,"comment_status":"open","ping_status":"open","sticky":false,"template":"","format":"standard","meta":{"_acf_changed":false,"ngg_post_thumbnail":0,"footnotes":""},"categories":[7,6,1],"tags":[],"class_list":["post-2551","post","type-post","status-publish","format-standard","has-post-thumbnail","hentry","category-cooperativas","category-institucionales","category-noticias"],"acf":[],"_links":{"self":[{"href":"http:\/\/www.cudecoop.coop\/cudecoop\/wp-json\/wp\/v2\/posts\/2551","targetHints":{"allow":["GET"]}}],"collection":[{"href":"http:\/\/www.cudecoop.coop\/cudecoop\/wp-json\/wp\/v2\/posts"}],"about":[{"href":"http:\/\/www.cudecoop.coop\/cudecoop\/wp-json\/wp\/v2\/types\/post"}],"author":[{"embeddable":true,"href":"http:\/\/www.cudecoop.coop\/cudecoop\/wp-json\/wp\/v2\/users\/27"}],"replies":[{"embeddable":true,"href":"http:\/\/www.cudecoop.coop\/cudecoop\/wp-json\/wp\/v2\/comments?post=2551"}],"version-history":[{"count":2,"href":"http:\/\/www.cudecoop.coop\/cudecoop\/wp-json\/wp\/v2\/posts\/2551\/revisions"}],"predecessor-version":[{"id":2554,"href":"http:\/\/www.cudecoop.coop\/cudecoop\/wp-json\/wp\/v2\/posts\/2551\/revisions\/2554"}],"wp:featuredmedia":[{"embeddable":true,"href":"http:\/\/www.cudecoop.coop\/cudecoop\/wp-json\/wp\/v2\/media\/2553"}],"wp:attachment":[{"href":"http:\/\/www.cudecoop.coop\/cudecoop\/wp-json\/wp\/v2\/media?parent=2551"}],"wp:term":[{"taxonomy":"category","embeddable":true,"href":"http:\/\/www.cudecoop.coop\/cudecoop\/wp-json\/wp\/v2\/categories?post=2551"},{"taxonomy":"post_tag","embeddable":true,"href":"http:\/\/www.cudecoop.coop\/cudecoop\/wp-json\/wp\/v2\/tags?post=2551"}],"curies":[{"name":"wp","href":"https:\/\/api.w.org\/{rel}","templated":true}]}}