{"id":252,"date":"2017-10-16T21:24:39","date_gmt":"2017-10-16T21:24:39","guid":{"rendered":"http:\/\/localhost\/?p=205"},"modified":"2017-12-05T20:29:17","modified_gmt":"2017-12-05T20:29:17","slug":"traduccion-hecha-por-h-rackham-en-1914-2","status":"publish","type":"post","link":"http:\/\/www.cudecoop.coop\/cudecoop\/traduccion-hecha-por-h-rackham-en-1914-2\/","title":{"rendered":"Las cooperativas de Consumo en Uruguay est\u00e1n avanzando"},"content":{"rendered":"<p>La ma\u00f1ana del lunes 20 de noviembre, la FUCC invit\u00f3 a dirigentes, trabajadores y socios de las cooperativas de consumo, junto a autoridades nacionales al encuentro &#8220;El rol y el futuro del cooperativismo de consumo&#8221;, en el 63\u00b0 aniversario de la Federaci\u00f3n.<\/p>\n<p>La Dra. Fern\u00e1ndez, presidenta de la Confederaci\u00f3n, reci\u00e9n llegada de la Asamblea General de la Alianza Cooperativa Internacional en Kuala Lumpur (<a href=\"http:\/\/www.cudecoop.coop\/index2.php?controlador=noticia&amp;accion=ver&amp;noticia=1015\" target=\"_BLANK\">Ver aqu\u00ed<\/a>) fue la encargada de realizar el cierre de la actividad.<br \/>\nFern\u00e1ndez se refiri\u00f3 al hecho de que en el encuentro hubieran participado representantes de los<br \/>\ntrabajadores: la mayor\u00eda de los que estamos ac\u00e1 ya estamos enamorados del tema; los que han estado hoy aqu\u00ed se han unido, han reconocido que el cooperativismo es una herramienta para trabajar por la inclusi\u00f3n social. Asegur\u00f3 que a nivel mundial las cooperativas de consumo incluyen a 75 millones de personas y mueven 500 millones de d\u00f3lares, y consider\u00f3 que en Uruguay las cooperativas de consumo est\u00e1n marcando un avance de la mano del SICC. El SICC, afirm\u00f3, que el SICC tiene que ser un sistema que nos permita el di\u00e1logo con las otras clases cooperativas. Fern\u00e1ndez valor\u00f3 que la FUCC hubiera<br \/>\nconvocado a una instancia de reflexi\u00f3n, pensando a futuro, con propuestas.<\/p>\n<p>Agradecemos a Comunicaciones de la FUCC por facilitarnos la informaci\u00f3n.<\/p>\n","protected":false},"excerpt":{"rendered":"<p>La ma\u00f1ana del lunes 20 de noviembre, la FUCC invit\u00f3 a dirigentes, trabajadores y socios de las cooperativas de consumo, junto a autoridades nacionales al encuentro &#8220;El rol y el futuro del cooperativismo de consumo&#8221;, en el 63\u00b0 aniversario de la Federaci\u00f3n. La Dra. Fern\u00e1ndez, presidenta de la Confederaci\u00f3n, reci\u00e9n llegada de la Asamblea General de la Alianza Cooperativa Internacional en Kuala Lumpur (Ver aqu\u00ed) fue la encargada de realizar el cierre de la actividad.<br \/> Fern\u00e1ndez se refiri\u00f3 al hecho de que en el encuentro hubieran participado representantes de los<br \/> trabajadores: la mayor\u00eda de los que estamos ac\u00e1 [&#8230;]<\/p>\n","protected":false},"author":12,"featured_media":513,"comment_status":"open","ping_status":"open","sticky":false,"template":"","format":"standard","meta":{"_acf_changed":false,"ngg_post_thumbnail":0,"footnotes":""},"categories":[6],"tags":[],"class_list":["post-252","post","type-post","status-publish","format-standard","has-post-thumbnail","hentry","category-institucionales"],"acf":[],"_links":{"self":[{"href":"http:\/\/www.cudecoop.coop\/cudecoop\/wp-json\/wp\/v2\/posts\/252","targetHints":{"allow":["GET"]}}],"collection":[{"href":"http:\/\/www.cudecoop.coop\/cudecoop\/wp-json\/wp\/v2\/posts"}],"about":[{"href":"http:\/\/www.cudecoop.coop\/cudecoop\/wp-json\/wp\/v2\/types\/post"}],"author":[{"embeddable":true,"href":"http:\/\/www.cudecoop.coop\/cudecoop\/wp-json\/wp\/v2\/users\/12"}],"replies":[{"embeddable":true,"href":"http:\/\/www.cudecoop.coop\/cudecoop\/wp-json\/wp\/v2\/comments?post=252"}],"version-history":[{"count":2,"href":"http:\/\/www.cudecoop.coop\/cudecoop\/wp-json\/wp\/v2\/posts\/252\/revisions"}],"predecessor-version":[{"id":504,"href":"http:\/\/www.cudecoop.coop\/cudecoop\/wp-json\/wp\/v2\/posts\/252\/revisions\/504"}],"wp:featuredmedia":[{"embeddable":true,"href":"http:\/\/www.cudecoop.coop\/cudecoop\/wp-json\/wp\/v2\/media\/513"}],"wp:attachment":[{"href":"http:\/\/www.cudecoop.coop\/cudecoop\/wp-json\/wp\/v2\/media?parent=252"}],"wp:term":[{"taxonomy":"category","embeddable":true,"href":"http:\/\/www.cudecoop.coop\/cudecoop\/wp-json\/wp\/v2\/categories?post=252"},{"taxonomy":"post_tag","embeddable":true,"href":"http:\/\/www.cudecoop.coop\/cudecoop\/wp-json\/wp\/v2\/tags?post=252"}],"curies":[{"name":"wp","href":"https:\/\/api.w.org\/{rel}","templated":true}]}}