{"id":251,"date":"2017-10-16T21:24:12","date_gmt":"2017-10-16T21:24:12","guid":{"rendered":"http:\/\/localhost\/?p=203"},"modified":"2017-12-05T22:17:44","modified_gmt":"2017-12-05T22:17:44","slug":"seccion-1-10-33-de-de-finibus-bonorum-et-malorum-escrito-por-cicero-en-el-45-antes-de-cristo","status":"publish","type":"post","link":"http:\/\/www.cudecoop.coop\/cudecoop\/seccion-1-10-33-de-de-finibus-bonorum-et-malorum-escrito-por-cicero-en-el-45-antes-de-cristo\/","title":{"rendered":"Encuentro Intercooperativo en Piri\u00e1polis"},"content":{"rendered":"<p>El Encuentro promovido por las Mesas Intercooperativas de Maldonado, Treinta y Tres, Cerro Largo y FLorida, en el marco del Programa de Desarrollo Cooperativo Territorial de la Confederaci\u00f3n e INACOOP, reuni\u00f3 m\u00e1s de 100 personas en Piri\u00e1polis. El evento comenz\u00f3 con el aporte de los referentes de las Mesas Intercooperativas departamentales, quienes expusieron un breve estado de situaci\u00f3n de cada Mesa. Tambi\u00e9n hubo una presentaci\u00f3n por parte de los representantes institucionales, Juan Gervasio por el Directorio de INACOOP se\u00f1alando el papel que el movimiento ha desarrollado avanzando en la cogesti\u00f3n de la pol\u00edtica p\u00fablica y por parte de Ricardo Pisciottano, en representaci\u00f3n de CUDECOOP, remarcando la importancia del trabajo territorial. El programa continu\u00f3 con la presentaci\u00f3n de las Propuestas Program\u00e1ticas de la Confederaci\u00f3n en voz de su coordinador general, Ing. Agr. Gabriel Isola; luego se dio paso a la presentaci\u00f3n de algunas de las herramientas que existen en las organizaciones de promoci\u00f3n y consolidaci\u00f3n del cooperativismo. Por INACOOP present\u00f3 Alberto Mazini las herramientas financieras que el Instituto tiene para consolidar a las cooperativas. Por CUDECOOP el Prof. Julio Cabrera present\u00f3 la Escuela Nacional del Cooperativismo y el Programa de Formaci\u00f3n Profesional (PROCOOP) herramienta compartida por INACOOP, INEFOP y CUDECOOP.<\/p>\n<p>Posteriormente se desarrollaron varios talleres en paralelo en perspectiva de cada Clase Cooperativa, con representantes de las distintas Federaciones.<\/p>\n<p>En la tarde, el Dr. Gerardo Montes, disert\u00f3 sobre Negociaci\u00f3n para la intercooperaci\u00f3n.<\/p>\n<p>La Confederaci\u00f3n se propone para el 2018 continuar fortaleciendo el plan de trabajo en territorio, para seguir brindando espacios de acercamiento entre las federaciones y las cooperativas. Estos encuentros contribuyen en dar cuenta de los espacios existentes de la intercooperaci\u00f3n y los que estando m\u00e1s d\u00e9biles, deben buscar fortalecerse.<\/p>\n<p>Estuvieron presentes representantes de las distintas Federaciones y cooperativistas de vivienda en las modalidades Ayuda Mutua y Ahorro Previo; Consumo; Agrarias; Trabajo y Ahorro y Cr\u00e9dito de las Mesas de Florida, Canelones, Treinta y Tres, Cerro Largo y Maldonado.<\/p>\n","protected":false},"excerpt":{"rendered":"<p>El Encuentro promovido por las Mesas Intercooperativas de Maldonado, Treinta y Tres, Cerro Largo y FLorida, en el marco del Programa de Desarrollo Cooperativo Territorial de la Confederaci\u00f3n e INACOOP, reuni\u00f3 m\u00e1s de 100 personas en Piri\u00e1polis. El evento comenz\u00f3 con el aporte de los referentes de las Mesas Intercooperativas departamentales, quienes expusieron un breve estado de situaci\u00f3n de cada Mesa. Tambi\u00e9n hubo una presentaci\u00f3n por parte de los representantes institucionales, Juan Gervasio por el Directorio de INACOOP se\u00f1alando el papel que el movimiento ha desarrollado avanzando en la cogesti\u00f3n de la pol\u00edtica p\u00fablica y por parte de Ricardo Pisciottano, [&#8230;]<\/p>\n","protected":false},"author":12,"featured_media":517,"comment_status":"open","ping_status":"open","sticky":false,"template":"","format":"standard","meta":{"_acf_changed":false,"ngg_post_thumbnail":0,"footnotes":""},"categories":[6],"tags":[],"class_list":["post-251","post","type-post","status-publish","format-standard","has-post-thumbnail","hentry","category-institucionales"],"acf":[],"_links":{"self":[{"href":"http:\/\/www.cudecoop.coop\/cudecoop\/wp-json\/wp\/v2\/posts\/251","targetHints":{"allow":["GET"]}}],"collection":[{"href":"http:\/\/www.cudecoop.coop\/cudecoop\/wp-json\/wp\/v2\/posts"}],"about":[{"href":"http:\/\/www.cudecoop.coop\/cudecoop\/wp-json\/wp\/v2\/types\/post"}],"author":[{"embeddable":true,"href":"http:\/\/www.cudecoop.coop\/cudecoop\/wp-json\/wp\/v2\/users\/12"}],"replies":[{"embeddable":true,"href":"http:\/\/www.cudecoop.coop\/cudecoop\/wp-json\/wp\/v2\/comments?post=251"}],"version-history":[{"count":3,"href":"http:\/\/www.cudecoop.coop\/cudecoop\/wp-json\/wp\/v2\/posts\/251\/revisions"}],"predecessor-version":[{"id":539,"href":"http:\/\/www.cudecoop.coop\/cudecoop\/wp-json\/wp\/v2\/posts\/251\/revisions\/539"}],"wp:featuredmedia":[{"embeddable":true,"href":"http:\/\/www.cudecoop.coop\/cudecoop\/wp-json\/wp\/v2\/media\/517"}],"wp:attachment":[{"href":"http:\/\/www.cudecoop.coop\/cudecoop\/wp-json\/wp\/v2\/media?parent=251"}],"wp:term":[{"taxonomy":"category","embeddable":true,"href":"http:\/\/www.cudecoop.coop\/cudecoop\/wp-json\/wp\/v2\/categories?post=251"},{"taxonomy":"post_tag","embeddable":true,"href":"http:\/\/www.cudecoop.coop\/cudecoop\/wp-json\/wp\/v2\/tags?post=251"}],"curies":[{"name":"wp","href":"https:\/\/api.w.org\/{rel}","templated":true}]}}