{"id":250,"date":"2017-10-16T21:23:51","date_gmt":"2017-10-16T21:23:51","guid":{"rendered":"http:\/\/localhost\/?p=201"},"modified":"2017-12-05T21:07:05","modified_gmt":"2017-12-05T21:07:05","slug":"traduccion-hecha-por-h-rackham-en-1914","status":"publish","type":"post","link":"http:\/\/www.cudecoop.coop\/cudecoop\/traduccion-hecha-por-h-rackham-en-1914\/","title":{"rendered":"Ariel Guarco es el nuevo presidente de la Alianza Cooperativa Internacional"},"content":{"rendered":"<p>Se trata del 2do latinoamericano que preside la Alianza Cooperativa Internacional y para el movimiento cooperativo uruguayo no es un hecho menor. Es la mayor oportunidad para trabajar en la agenda del movimiento cooperativo mundial por la cercan\u00eda que el movimiento nacional tiene con el nuevo Presidente de la ACI.<\/p>\n<p>El dirigente cooperativo tuvo un rol fundamental en el a\u00f1o 2015, cuando se decidi\u00f3 realizar la IV Cumbre Cooperativa de las Am\u00e9ricas en Uruguay, un hecho que demostr\u00f3 la cercan\u00eda entre los movimientos de ambos pa\u00edses. La Confederaci\u00f3n mantuvo un apoyo expl\u00edcito en la candidatura del argentino al m\u00e1s alto cargo del movimiento mundial, participando en los \u00e1mbitos de decisi\u00f3n, incluyendo al Asamblea General Mundial en Kuala Lumpur (Malasia).<\/p>\n<p>La Presidenta de CUDECOOP jug\u00f3 un rol significativo para alinear el conjunto de cooperativas de Am\u00e9rica en la figura del l\u00edder rioplatense, y seguramente el cooperativismo uruguayo siga siendo importante para permitir profundizar los cambios hacia una Alianza m\u00e1s cr\u00edtica y propositiva a nivel global.<\/p>\n","protected":false},"excerpt":{"rendered":"<p>Se trata del 2do latinoamericano que preside la Alianza Cooperativa Internacional y para el movimiento cooperativo uruguayo no es un hecho menor. Es la mayor oportunidad para trabajar en la agenda del movimiento cooperativo mundial por la cercan\u00eda que el movimiento nacional tiene con el nuevo Presidente de la ACI. El dirigente cooperativo tuvo un rol fundamental en el a\u00f1o 2015, cuando se decidi\u00f3 realizar la IV Cumbre Cooperativa de las Am\u00e9ricas en Uruguay, un hecho que demostr\u00f3 la cercan\u00eda entre los movimientos de ambos pa\u00edses. La Confederaci\u00f3n mantuvo un apoyo expl\u00edcito en la candidatura del argentino al m\u00e1s alto [&#8230;]<\/p>\n","protected":false},"author":12,"featured_media":515,"comment_status":"open","ping_status":"open","sticky":false,"template":"","format":"standard","meta":{"_acf_changed":false,"ngg_post_thumbnail":0,"footnotes":""},"categories":[6],"tags":[],"class_list":["post-250","post","type-post","status-publish","format-standard","has-post-thumbnail","hentry","category-institucionales"],"acf":[],"_links":{"self":[{"href":"http:\/\/www.cudecoop.coop\/cudecoop\/wp-json\/wp\/v2\/posts\/250","targetHints":{"allow":["GET"]}}],"collection":[{"href":"http:\/\/www.cudecoop.coop\/cudecoop\/wp-json\/wp\/v2\/posts"}],"about":[{"href":"http:\/\/www.cudecoop.coop\/cudecoop\/wp-json\/wp\/v2\/types\/post"}],"author":[{"embeddable":true,"href":"http:\/\/www.cudecoop.coop\/cudecoop\/wp-json\/wp\/v2\/users\/12"}],"replies":[{"embeddable":true,"href":"http:\/\/www.cudecoop.coop\/cudecoop\/wp-json\/wp\/v2\/comments?post=250"}],"version-history":[{"count":2,"href":"http:\/\/www.cudecoop.coop\/cudecoop\/wp-json\/wp\/v2\/posts\/250\/revisions"}],"predecessor-version":[{"id":516,"href":"http:\/\/www.cudecoop.coop\/cudecoop\/wp-json\/wp\/v2\/posts\/250\/revisions\/516"}],"wp:featuredmedia":[{"embeddable":true,"href":"http:\/\/www.cudecoop.coop\/cudecoop\/wp-json\/wp\/v2\/media\/515"}],"wp:attachment":[{"href":"http:\/\/www.cudecoop.coop\/cudecoop\/wp-json\/wp\/v2\/media?parent=250"}],"wp:term":[{"taxonomy":"category","embeddable":true,"href":"http:\/\/www.cudecoop.coop\/cudecoop\/wp-json\/wp\/v2\/categories?post=250"},{"taxonomy":"post_tag","embeddable":true,"href":"http:\/\/www.cudecoop.coop\/cudecoop\/wp-json\/wp\/v2\/tags?post=250"}],"curies":[{"name":"wp","href":"https:\/\/api.w.org\/{rel}","templated":true}]}}