{"id":249,"date":"2017-10-16T21:23:31","date_gmt":"2017-10-16T21:23:31","guid":{"rendered":"http:\/\/localhost\/?p=199"},"modified":"2017-12-05T21:17:44","modified_gmt":"2017-12-05T21:17:44","slug":"seccion-1-10-32-de-de-finibus-bonorum-et-malorum-escrito-por-cicero-en-el-45-antes-de-cristo","status":"publish","type":"post","link":"http:\/\/www.cudecoop.coop\/cudecoop\/seccion-1-10-32-de-de-finibus-bonorum-et-malorum-escrito-por-cicero-en-el-45-antes-de-cristo\/","title":{"rendered":"Conferencia Mundial y Asamblea General de la ACI"},"content":{"rendered":"<p>En Kuala Lumpur, capital de Malasia, se desarrolla, bajo el lema &#8220;Cooperativas: poner a las personas en el centro del desarrollo&#8221;, la Conferencia Mundial y Asamblea General de la ACI en la cual tambi\u00e9n se elegir\u00e1n a las nuevas autoridades que integrar\u00e1n el Consejo Administraci\u00f3n de la m\u00e1xima entidad cooperativa a nivel mundial.<\/p>\n<p>La noche del jueves (hora de Uruguay) en el entorno de las 22 h se podr\u00e1 visualizar a trav\u00e9s del siguiente enlace <a href=\"https:\/\/www.facebook.com\/internationalcooperativealliance\/\" target=\"_BLANK\">https:\/\/ica.coop<\/a> la elecci\u00f3n del nuevo presidente de la Alianza Cooperativa Internacional.<\/p>\n<p>En otro orden, durante su participaci\u00f3n en la Conferencia, la Dra. Fern\u00e1ndez expuso el d\u00eda jueves en el panel El establecimiento de un entorno para las cooperativas: \u00bfd\u00f3nde nos encontramos?, junto a diversos referentes del entorno normativo y pol\u00edtico, refiri\u00e9ndose al campo de la legislaci\u00f3n cooperativa. Su ponencia estuvo vinculada a la legislaci\u00f3n uruguaya cooperativa y el rol activo que tuvo el movimiento cooperativo nacional en la ejecuci\u00f3n de la misma. Entre quienes compartieron el panel, estaban Dante Cracogna, Rodrigo Gouveia, Caroline Na\u00ebtt, Bhagwati Prasad, Ilana Gotz, Emily Varga y Hagen Henr\u00ff.<\/p>\n","protected":false},"excerpt":{"rendered":"<p>En Kuala Lumpur, capital de Malasia, se desarrolla, bajo el lema &#8220;Cooperativas: poner a las personas en el centro del desarrollo&#8221;, la Conferencia Mundial y Asamblea General de la ACI en la cual tambi\u00e9n se elegir\u00e1n a las nuevas autoridades que integrar\u00e1n el Consejo Administraci\u00f3n de la m\u00e1xima entidad cooperativa a nivel mundial. La noche del jueves (hora de Uruguay) en el entorno de las 22 h se podr\u00e1 visualizar a trav\u00e9s del siguiente enlace https:\/\/ica.coop la elecci\u00f3n del nuevo presidente de la Alianza Cooperativa Internacional. En otro orden, durante su participaci\u00f3n en la Conferencia, la Dra. Fern\u00e1ndez expuso el [&#8230;]<\/p>\n","protected":false},"author":12,"featured_media":519,"comment_status":"open","ping_status":"open","sticky":false,"template":"","format":"standard","meta":{"_acf_changed":false,"ngg_post_thumbnail":0,"footnotes":""},"categories":[6],"tags":[],"class_list":["post-249","post","type-post","status-publish","format-standard","has-post-thumbnail","hentry","category-institucionales"],"acf":[],"_links":{"self":[{"href":"http:\/\/www.cudecoop.coop\/cudecoop\/wp-json\/wp\/v2\/posts\/249","targetHints":{"allow":["GET"]}}],"collection":[{"href":"http:\/\/www.cudecoop.coop\/cudecoop\/wp-json\/wp\/v2\/posts"}],"about":[{"href":"http:\/\/www.cudecoop.coop\/cudecoop\/wp-json\/wp\/v2\/types\/post"}],"author":[{"embeddable":true,"href":"http:\/\/www.cudecoop.coop\/cudecoop\/wp-json\/wp\/v2\/users\/12"}],"replies":[{"embeddable":true,"href":"http:\/\/www.cudecoop.coop\/cudecoop\/wp-json\/wp\/v2\/comments?post=249"}],"version-history":[{"count":2,"href":"http:\/\/www.cudecoop.coop\/cudecoop\/wp-json\/wp\/v2\/posts\/249\/revisions"}],"predecessor-version":[{"id":520,"href":"http:\/\/www.cudecoop.coop\/cudecoop\/wp-json\/wp\/v2\/posts\/249\/revisions\/520"}],"wp:featuredmedia":[{"embeddable":true,"href":"http:\/\/www.cudecoop.coop\/cudecoop\/wp-json\/wp\/v2\/media\/519"}],"wp:attachment":[{"href":"http:\/\/www.cudecoop.coop\/cudecoop\/wp-json\/wp\/v2\/media?parent=249"}],"wp:term":[{"taxonomy":"category","embeddable":true,"href":"http:\/\/www.cudecoop.coop\/cudecoop\/wp-json\/wp\/v2\/categories?post=249"},{"taxonomy":"post_tag","embeddable":true,"href":"http:\/\/www.cudecoop.coop\/cudecoop\/wp-json\/wp\/v2\/tags?post=249"}],"curies":[{"name":"wp","href":"https:\/\/api.w.org\/{rel}","templated":true}]}}