{"id":248,"date":"2017-10-16T21:23:12","date_gmt":"2017-10-16T21:23:12","guid":{"rendered":"http:\/\/localhost\/?p=197"},"modified":"2017-12-05T21:19:27","modified_gmt":"2017-12-05T21:19:27","slug":"el-pasaje-estandar-lorem-ipsum-usado-desde-el-ano-1500","status":"publish","type":"post","link":"http:\/\/www.cudecoop.coop\/cudecoop\/el-pasaje-estandar-lorem-ipsum-usado-desde-el-ano-1500\/","title":{"rendered":"Lanzamiento del Primer Plan de Transformaci\u00f3n Productiva y Competitividad"},"content":{"rendered":"<p>Previo al lanzamiento del Plan, el viernes 3 de noviembre el Comit\u00e9 Ejecutivo de CUDECOOP e integrantes del Directorio del INACOOP, se reunieron con el Secretario Ejecutivo del Sistema Ec. \u00c1lvaro Ons, con intenci\u00f3n de integrar algunos de los principales planteos del movimiento cooperativo de cara a este primer Plan.<br \/>\nEs importante recordar, como fuera presentado en el Desayuno de Trabajo organizado por CUDECOOP el 15 de marzo de este a\u00f1o, que el Sistema Nacional de Transformaci\u00f3n Productiva y Competitividad tiene entre sus fines el desarrollo del sector de la econom\u00eda social e integra formalemente al INACOOP entre otras Agencias P\u00fablicas, e integrar\u00e1 a CUDECOOP en representaci\u00f3n de la Econom\u00eda Social en sus Consejos Consultivos.<\/p>\n","protected":false},"excerpt":{"rendered":"<p>Previo al lanzamiento del Plan, el viernes 3 de noviembre el Comit\u00e9 Ejecutivo de CUDECOOP e integrantes del Directorio del INACOOP, se reunieron con el Secretario Ejecutivo del Sistema Ec. \u00c1lvaro Ons, con intenci\u00f3n de integrar algunos de los principales planteos del movimiento cooperativo de cara a este primer Plan.<br \/> Es importante recordar, como fuera presentado en el Desayuno de Trabajo organizado por CUDECOOP el 15 de marzo de este a\u00f1o, que el Sistema Nacional de Transformaci\u00f3n Productiva y Competitividad tiene entre sus fines el desarrollo del sector de la econom\u00eda social e integra formalemente al INACOOP entre otras [&#8230;]<\/p>\n","protected":false},"author":12,"featured_media":522,"comment_status":"open","ping_status":"open","sticky":false,"template":"","format":"standard","meta":{"_acf_changed":false,"ngg_post_thumbnail":0,"footnotes":""},"categories":[6],"tags":[],"class_list":["post-248","post","type-post","status-publish","format-standard","has-post-thumbnail","hentry","category-institucionales"],"acf":[],"_links":{"self":[{"href":"http:\/\/www.cudecoop.coop\/cudecoop\/wp-json\/wp\/v2\/posts\/248","targetHints":{"allow":["GET"]}}],"collection":[{"href":"http:\/\/www.cudecoop.coop\/cudecoop\/wp-json\/wp\/v2\/posts"}],"about":[{"href":"http:\/\/www.cudecoop.coop\/cudecoop\/wp-json\/wp\/v2\/types\/post"}],"author":[{"embeddable":true,"href":"http:\/\/www.cudecoop.coop\/cudecoop\/wp-json\/wp\/v2\/users\/12"}],"replies":[{"embeddable":true,"href":"http:\/\/www.cudecoop.coop\/cudecoop\/wp-json\/wp\/v2\/comments?post=248"}],"version-history":[{"count":2,"href":"http:\/\/www.cudecoop.coop\/cudecoop\/wp-json\/wp\/v2\/posts\/248\/revisions"}],"predecessor-version":[{"id":523,"href":"http:\/\/www.cudecoop.coop\/cudecoop\/wp-json\/wp\/v2\/posts\/248\/revisions\/523"}],"wp:featuredmedia":[{"embeddable":true,"href":"http:\/\/www.cudecoop.coop\/cudecoop\/wp-json\/wp\/v2\/media\/522"}],"wp:attachment":[{"href":"http:\/\/www.cudecoop.coop\/cudecoop\/wp-json\/wp\/v2\/media?parent=248"}],"wp:term":[{"taxonomy":"category","embeddable":true,"href":"http:\/\/www.cudecoop.coop\/cudecoop\/wp-json\/wp\/v2\/categories?post=248"},{"taxonomy":"post_tag","embeddable":true,"href":"http:\/\/www.cudecoop.coop\/cudecoop\/wp-json\/wp\/v2\/tags?post=248"}],"curies":[{"name":"wp","href":"https:\/\/api.w.org\/{rel}","templated":true}]}}